{"id":933,"date":"2026-02-05T23:28:48","date_gmt":"2026-02-05T23:28:48","guid":{"rendered":"https:\/\/www.svu2000.org\/los-angeles\/?p=933"},"modified":"2026-02-05T23:28:48","modified_gmt":"2026-02-05T23:28:48","slug":"presentation-of-radkikou","status":"publish","type":"post","link":"https:\/\/www.svu2000.org\/los-angeles\/uncategorized\/presentation-of-radkikou\/","title":{"rendered":"Presentation of RADKIKOU"},"content":{"rendered":"<blockquote>\n<div>\n<div>\n<div>\n<blockquote>\n<div>\n<div>\u00a0<u><\/u><\/div>\n<div><span lang=\"CS\">Dear \u00a0SVU-LA members \u00a0and friends,<\/span><u><\/u><u><\/u><\/div>\n<div><u><\/u>\u00a0<u><\/u><\/div>\n<div>The\u00a0Consulate\u00a0General of the Czech Republic in Los Angeles, in partnership with the Czechoslovak Society of Arts and Sciences in Los Angeles is pleased to invite you\u00a0to the presentation of\u00a0<a href=\"https:\/\/www.eventbrite.com\/e\/radkikou-tickets-1982390391024?aff=oddtdtcreator\" target=\"_blank\" rel=\"noopener\" data-saferedirecturl=\"https:\/\/www.google.com\/url?q=https:\/\/www.eventbrite.com\/e\/radkikou-tickets-1982390391024?aff%3Doddtdtcreator&amp;source=gmail&amp;ust=1770420043917000&amp;usg=AOvVaw3uwd4ToS9wwYaWi2fzcMjC\">RADKIKOU<\/a>, a meaningful and creative art project by Czech artist and Illustrator\u00a0<a href=\"https:\/\/www.rsvisualthing.com\/about\" target=\"_blank\" rel=\"noopener\" data-saferedirecturl=\"https:\/\/www.google.com\/url?q=https:\/\/www.rsvisualthing.com\/about&amp;source=gmail&amp;ust=1770420043917000&amp;usg=AOvVaw22ny_7xgVxoIR9AYn8pwba\">Radka Salcmannov\u00e1<\/a>.\u00a0<u><\/u><u><\/u><\/div>\n<div><u><\/u>\u00a0<u><\/u><\/div>\n<div>Please join us on\u00a0<b><a href=\"https:\/\/www.eventbrite.com\/e\/radkikou-tickets-1982390391024?aff=oddtdtcreator\" target=\"_blank\" rel=\"noopener\" data-saferedirecturl=\"https:\/\/www.google.com\/url?q=https:\/\/www.eventbrite.com\/e\/radkikou-tickets-1982390391024?aff%3Doddtdtcreator&amp;source=gmail&amp;ust=1770420043917000&amp;usg=AOvVaw3uwd4ToS9wwYaWi2fzcMjC\">Tuesday, February 17, 2026 at 6:00 PM at the Emil Kosa, Jr. Gallery at the Consulate General of the Czech Republic in Los Angeles.<\/a><\/b><u><\/u><u><\/u><\/div>\n<div><u><\/u>\u00a0<u><\/u><\/div>\n<div><a href=\"https:\/\/www.radkikou.com\/\" target=\"_blank\" rel=\"noopener\" data-saferedirecturl=\"https:\/\/www.google.com\/url?q=https:\/\/www.radkikou.com\/&amp;source=gmail&amp;ust=1770420043917000&amp;usg=AOvVaw3i1gyRc6fPWYVLpWety6UD\">Radkikou<\/a>\u00a0is\u00a0especially relevant for children growing up abroad, as it focuses on themes of belonging, identity, and connection to one&#8217;s roots.<a href=\"https:\/\/www.radkikou.com\/\" target=\"_blank\" rel=\"noopener\" data-saferedirecturl=\"https:\/\/www.google.com\/url?q=https:\/\/www.radkikou.com\/&amp;source=gmail&amp;ust=1770420043917000&amp;usg=AOvVaw3i1gyRc6fPWYVLpWety6UD\">\u00a0<\/a><a href=\"https:\/\/www.radkikou.com\/\" target=\"_blank\" rel=\"noopener\" data-saferedirecturl=\"https:\/\/www.google.com\/url?q=https:\/\/www.radkikou.com\/&amp;source=gmail&amp;ust=1770420043917000&amp;usg=AOvVaw3i1gyRc6fPWYVLpWety6UD\">Radkikou<\/a>\u00a0includes a beautifully written and illustrated storybook, as well as handmade collectible clay toys, paper dolls, and limited-edition prints. All forming one imaginative world that supports emotional connection and cultural awareness.\u00a0<u><\/u><u><\/u><\/div>\n<div><u><\/u>\u00a0<u><\/u><\/div>\n<div>The book is self-published through\u00a0Barnes &amp; Noble\u00a0and is available\u00a0<a href=\"https:\/\/www.radkikou.com\/\" target=\"_blank\" rel=\"noopener\" data-saferedirecturl=\"https:\/\/www.google.com\/url?q=https:\/\/www.radkikou.com\/&amp;source=gmail&amp;ust=1770420043917000&amp;usg=AOvVaw3i1gyRc6fPWYVLpWety6UD\">online<\/a>.\u00a0<u><\/u><u><\/u><\/div>\n<table border=\"0\" cellspacing=\"3\" cellpadding=\"0\">\n<tbody>\n<tr>\n<td>\n<div><u><\/u>\u00a0<u><\/u><\/div>\n<\/td>\n<\/tr>\n<tr>\n<td>\n<table border=\"0\" cellspacing=\"3\" cellpadding=\"0\">\n<tbody>\n<tr>\n<td><b><u>DATE:<\/u><\/b><b><u><br \/>\n<\/u><\/b>Tuesday, February 17, 2026, at 6:00 pm &#8211; 7:30 pm.<u><\/u><u><\/u><\/p>\n<p><b><u>LOCATION:<\/u><\/b><b><u><br \/>\n<\/u><\/b>Emil Kosa Jr. Gallery<br \/>\nConsulate\u00a0General of the Czech Republic in Los Angeles<i><br \/>\n<\/i>10990 Wilshire Blvd. Suite 1120, Los Angeles, CA, 90024<u><\/u><u><\/u><\/p>\n<p><b><u>RSVP:<\/u><\/b><br \/>\nDue to limited space RSVP is requested at the following link\u00a0<a href=\"https:\/\/www.eventbrite.com\/e\/radkikou-tickets-1982390391024?aff=oddtdtcreator\" target=\"_blank\" rel=\"noopener\" data-saferedirecturl=\"https:\/\/www.google.com\/url?q=https:\/\/www.eventbrite.com\/e\/radkikou-tickets-1982390391024?aff%3Doddtdtcreator&amp;source=gmail&amp;ust=1770420043917000&amp;usg=AOvVaw3uwd4ToS9wwYaWi2fzcMjC\">HERE<\/a><u><\/u><u><\/u><\/td>\n<\/tr>\n<\/tbody>\n<\/table>\n<\/td>\n<\/tr>\n<\/tbody>\n<\/table>\n<div><u><\/u>\u00a0<u><\/u><\/div>\n<div><b><u>PARKING<\/u><\/b><b><u>:<\/u><\/b><u><\/u><\/div>\n<div>Please note that paid\u00a0parking\u00a0is available at 10990 Wilshire Blvd, however, the\u00a0Consulate\u00a0General\u00a0is unable to provide validation. We highly recommend using street\u00a0parking\u00a0around the building, with plenty of available spots along Veteran Avenue.<u><\/u><u><\/u><\/div>\n<div><u><\/u>\u00a0<u><\/u><\/div>\n<div>\n<div>\n<div>\n<div>\n<div>\n<div>\n<div>\n<div><b><span lang=\"CS\"><u><\/u>\u00a0<u><\/u><\/span><\/b><\/div>\n<div><b><span lang=\"CS\"><u><\/u>\u00a0<u><\/u><\/span><\/b><\/div>\n<div><b><span lang=\"CS\">Arno\u0161t Kare\u0161<u><\/u><u><\/u><\/span><\/b><\/div>\n<div><b><span lang=\"CS\">Consul General of the Czech Republic in Los Angeles<u><\/u><u><\/u><\/span><\/b><\/div>\n<div><b><span lang=\"CS\"><u><\/u>\u00a0<u><\/u><\/span><\/b><\/div>\n<div><b><span lang=\"CS\"><u><\/u>\u00a0Lida Sandera<u><\/u><\/span><\/b><\/div>\n<div><b><span lang=\"CS\"><u><\/u>\u00a0president of SVU-LA<u><\/u><\/span><\/b><\/div>\n<div><b><span lang=\"CS\"><u><\/u>\u00a0<u><\/u><\/span><\/b><\/div>\n<div><b><span lang=\"CS\"><u><\/u>\u00a0<u><\/u><\/span><\/b><\/div>\n<div><b><span lang=\"CS\">Pavl\u00edna Vl\u010dkov\u00e1<\/span><\/b><u><\/u><u><\/u><\/div>\n<div><span lang=\"CS\">Executive Secretary to the Consul General \/ Consular Officer<\/span><u><\/u><u><\/u><\/div>\n<div><b><span lang=\"CS\">Consulate General of the Czech Republic in Los Angeles<\/span><\/b><u><\/u><u><\/u><\/div>\n<div><span lang=\"CS\">10990 Wilshire Blvd, Suite 1100 &amp; 1120, Los Angeles, CA 90024<\/span><u><\/u><u><\/u><\/div>\n<div>Phone: +1 (310) 473 0889, Fax: +1 (310) 473 9813<u><\/u><u><\/u><\/div>\n<div><span lang=\"CS\">Email:\u00a0<\/span><a href=\"mailto:LosAngeles@mzv.gov.cz\" target=\"_blank\" rel=\"noopener\"><span lang=\"CS\">LosAngeles<\/span>@<span lang=\"CS\">mzv.gov.cz<\/span><\/a><u><\/u><u><\/u><\/div>\n<div><span lang=\"CS\">Website:\u00a0<a href=\"http:\/\/mzv.gov.cz\/losangeles\" target=\"_blank\" rel=\"noopener\" data-saferedirecturl=\"https:\/\/www.google.com\/url?q=http:\/\/mzv.gov.cz\/losangeles&amp;source=gmail&amp;ust=1770420043917000&amp;usg=AOvVaw34nbVkXlvhRCDt10Jw7hQ0\">mzv.gov.cz\/losangeles<\/a><\/span><img loading=\"lazy\" class=\"alignnone size-medium wp-image-934\" src=\"https:\/\/www.svu2000.org\/los-angeles\/wp-content\/uploads\/2026\/02\/Image-2-5-26-at-6.22\u202fPM-300x170.jpg\" alt=\"\" width=\"300\" height=\"170\" srcset=\"https:\/\/www.svu2000.org\/los-angeles\/wp-content\/uploads\/2026\/02\/Image-2-5-26-at-6.22\u202fPM-300x170.jpg 300w, https:\/\/www.svu2000.org\/los-angeles\/wp-content\/uploads\/2026\/02\/Image-2-5-26-at-6.22\u202fPM-1024x582.jpg 1024w, https:\/\/www.svu2000.org\/los-angeles\/wp-content\/uploads\/2026\/02\/Image-2-5-26-at-6.22\u202fPM-768x436.jpg 768w, https:\/\/www.svu2000.org\/los-angeles\/wp-content\/uploads\/2026\/02\/Image-2-5-26-at-6.22\u202fPM-1536x873.jpg 1536w, https:\/\/www.svu2000.org\/los-angeles\/wp-content\/uploads\/2026\/02\/Image-2-5-26-at-6.22\u202fPM-360x205.jpg 360w, https:\/\/www.svu2000.org\/los-angeles\/wp-content\/uploads\/2026\/02\/Image-2-5-26-at-6.22\u202fPM.jpg 1579w\" sizes=\"(max-width: 300px) 100vw, 300px\" \/><\/div>\n<\/div>\n<\/div>\n<\/div>\n<\/div>\n<\/div>\n<\/div>\n<\/div>\n<\/div>\n<\/blockquote>\n<\/div>\n<\/div>\n<\/div>\n<\/blockquote>\n","protected":false},"excerpt":{"rendered":"<p>\u00a0 Dear \u00a0SVU-LA members \u00a0and friends, \u00a0 The\u00a0Consulate\u00a0General of the Czech Republic in Los Angeles, in partnership with the Czechoslovak Society of Arts and Sciences in Los Angeles is pleased to invite you\u00a0to the presentation of\u00a0RADKIKOU, a meaningful and creative <a href=\"https:\/\/www.svu2000.org\/los-angeles\/uncategorized\/presentation-of-radkikou\/\" class=\"read-more\">Read More &#8230;<\/a><\/p>\n","protected":false},"author":3,"featured_media":0,"comment_status":"closed","ping_status":"closed","sticky":false,"template":"","format":"standard","meta":[],"categories":[1],"tags":[],"_links":{"self":[{"href":"https:\/\/www.svu2000.org\/los-angeles\/wp-json\/wp\/v2\/posts\/933"}],"collection":[{"href":"https:\/\/www.svu2000.org\/los-angeles\/wp-json\/wp\/v2\/posts"}],"about":[{"href":"https:\/\/www.svu2000.org\/los-angeles\/wp-json\/wp\/v2\/types\/post"}],"author":[{"embeddable":true,"href":"https:\/\/www.svu2000.org\/los-angeles\/wp-json\/wp\/v2\/users\/3"}],"replies":[{"embeddable":true,"href":"https:\/\/www.svu2000.org\/los-angeles\/wp-json\/wp\/v2\/comments?post=933"}],"version-history":[{"count":1,"href":"https:\/\/www.svu2000.org\/los-angeles\/wp-json\/wp\/v2\/posts\/933\/revisions"}],"predecessor-version":[{"id":935,"href":"https:\/\/www.svu2000.org\/los-angeles\/wp-json\/wp\/v2\/posts\/933\/revisions\/935"}],"wp:attachment":[{"href":"https:\/\/www.svu2000.org\/los-angeles\/wp-json\/wp\/v2\/media?parent=933"}],"wp:term":[{"taxonomy":"category","embeddable":true,"href":"https:\/\/www.svu2000.org\/los-angeles\/wp-json\/wp\/v2\/categories?post=933"},{"taxonomy":"post_tag","embeddable":true,"href":"https:\/\/www.svu2000.org\/los-angeles\/wp-json\/wp\/v2\/tags?post=933"}],"curies":[{"name":"wp","href":"https:\/\/api.w.org\/{rel}","templated":true}]}}