{"id":10,"date":"2008-12-10T00:38:35","date_gmt":"2008-12-09T23:38:35","guid":{"rendered":"http:\/\/www.svu2000.org\/deutschland\/?p=10"},"modified":"2011-02-15T11:59:41","modified_gmt":"2011-02-15T10:59:41","slug":"akce-brezen-2008","status":"publish","type":"post","link":"https:\/\/www.svu2000.org\/nemecko\/drivejsi\/2008\/akce-brezen-2008\/","title":{"rendered":"Akce b\u0159ezen 2008"},"content":{"rendered":"<p><a href=\"http:\/\/www.svu2000.org\/nemecko\/wp-content\/prcice2005071ma10694228-0001.jpg\" title=\"prcice2005071ma10694228-0001.jpg\"><\/a>| <a target=\"_blank\" href=\"http:\/\/www.svu2000.org\/calendar\/2008-03-Munich.pdf\" title=\"Pozv\u00e1nka na b\u0159ezen\">Pozv\u00e1nka<\/a> |<\/p>\n<p>\u00a0<em><strong>P\u0159edn\u00e1\u0161ka<\/strong> <\/em><\/p>\n<p><strong>PRAHA 1618 &#8211; DRUH\u00c1 PRA\u017dSK\u00c1 DEFENESTRACE A JEJ\u00cd N\u00c1SLEDKY<\/strong><\/p>\n<p>uvedl historik\u00a0Dr. Raimund Paleczek<\/p>\n<p>Zaj\u00edmav\u00fd pohled n\u011bmeck\u00e9ho historika na \u00fadajn\u011b osudovou ud\u00e1lost v d\u011bjin\u00e1ch \u010desk\u00e9ho n\u00e1roda,\u00a0\u010d\u00e1ste\u010dn\u011b odli\u0161n\u00fd &#8211;\u00a0a\u0165\u00a0ji\u017e k historick\u00e9\u00a0d\u00e1losti samotn\u00e9 nebo jej\u00edch d\u016fsledk\u016f pro dal\u0161\u00ed\u00a0politick\u00fd i hospod\u00e1\u0159sk\u00fd v\u00fdvoj\u00a0zem\u00ed koruny \u010desk\u00e9 &#8211; \u00a0od p\u0159evl\u00e1daj\u00edc\u00ed interpretace \u010desk\u00fdch historik\u016f.\u00a0 Z\u00a0odborn\u00e9ho hlediska na vysok\u00e9 \u00farovni,<br \/>\n\u017eiv\u00e1 diskuze.\u00a0\u00a0\u00a0\u00a0\u00a0 \u00a0<em>Karel Pokorn\u00fd<\/em><\/p>\n<p><a href=\"http:\/\/www.svu2000.org\/nemecko\/wp-content\/fotogalerie.doc\" title=\"fotogalerie.doc\">fotogalerie.doc<\/a><\/p>\n","protected":false},"excerpt":{"rendered":"<p>v r\u00e1mci leto\u0161n\u00edho cyklu &#8222;osudov\u00e9 osmi\u010dky v historii \u010desk\u00e9ho n\u00e1roda2<\/p>\n","protected":false},"author":1,"featured_media":0,"comment_status":"closed","ping_status":"closed","sticky":false,"template":"","format":"standard","meta":{"footnotes":""},"categories":[11],"tags":[],"class_list":["post-10","post","type-post","status-publish","format-standard","hentry","category-11"],"_links":{"self":[{"href":"https:\/\/www.svu2000.org\/nemecko\/wp-json\/wp\/v2\/posts\/10","targetHints":{"allow":["GET"]}}],"collection":[{"href":"https:\/\/www.svu2000.org\/nemecko\/wp-json\/wp\/v2\/posts"}],"about":[{"href":"https:\/\/www.svu2000.org\/nemecko\/wp-json\/wp\/v2\/types\/post"}],"author":[{"embeddable":true,"href":"https:\/\/www.svu2000.org\/nemecko\/wp-json\/wp\/v2\/users\/1"}],"replies":[{"embeddable":true,"href":"https:\/\/www.svu2000.org\/nemecko\/wp-json\/wp\/v2\/comments?post=10"}],"version-history":[{"count":3,"href":"https:\/\/www.svu2000.org\/nemecko\/wp-json\/wp\/v2\/posts\/10\/revisions"}],"predecessor-version":[{"id":321,"href":"https:\/\/www.svu2000.org\/nemecko\/wp-json\/wp\/v2\/posts\/10\/revisions\/321"}],"wp:attachment":[{"href":"https:\/\/www.svu2000.org\/nemecko\/wp-json\/wp\/v2\/media?parent=10"}],"wp:term":[{"taxonomy":"category","embeddable":true,"href":"https:\/\/www.svu2000.org\/nemecko\/wp-json\/wp\/v2\/categories?post=10"},{"taxonomy":"post_tag","embeddable":true,"href":"https:\/\/www.svu2000.org\/nemecko\/wp-json\/wp\/v2\/tags?post=10"}],"curies":[{"name":"wp","href":"https:\/\/api.w.org\/{rel}","templated":true}]}}