{"id":2039,"date":"2020-12-06T18:54:55","date_gmt":"2020-12-06T17:54:55","guid":{"rendered":"https:\/\/www.svu2000.org\/nemecko\/?p=2039"},"modified":"2025-10-30T15:28:22","modified_gmt":"2025-10-30T14:28:22","slug":"cesko-zpiva-koledy-2020","status":"publish","type":"post","link":"https:\/\/www.svu2000.org\/nemecko\/drivejsi\/2020\/cesko-zpiva-koledy-2020\/","title":{"rendered":"\u010cESKO ZP\u00cdV\u00c1 KOLEDY 2020"},"content":{"rendered":"<p style=\"text-align: center;\"><b><a href=\"https:\/\/www.svu2000.org\/nemecko\/novinky\/cesko-zpiva-koledy-2020\/attachment\/kokedy-2019\/\" rel=\"attachment wp-att-2044\"><img loading=\"lazy\" decoding=\"async\" class=\"alignleft size-full wp-image-2044\" src=\"https:\/\/www.svu2000.org\/nemecko\/wp-content\/kokedy-2019.jpg\" alt=\"\" width=\"1592\" height=\"1065\" srcset=\"https:\/\/www.svu2000.org\/nemecko\/wp-content\/kokedy-2019.jpg 1592w, https:\/\/www.svu2000.org\/nemecko\/wp-content\/kokedy-2019-300x201.jpg 300w, https:\/\/www.svu2000.org\/nemecko\/wp-content\/kokedy-2019-768x514.jpg 768w, https:\/\/www.svu2000.org\/nemecko\/wp-content\/kokedy-2019-1024x685.jpg 1024w, https:\/\/www.svu2000.org\/nemecko\/wp-content\/kokedy-2019-360x241.jpg 360w\" sizes=\"auto, (max-width: 1592px) 100vw, 1592px\" \/><\/a><\/b><strong>Mil\u00ed krajan\u00e9 a zp\u011bv\u00e1ci,<\/strong><\/p>\n<p style=\"text-align: center;\"><strong>jako ka\u017edoro\u010dn\u011b by se m\u011bla konat akce &#8222;\u010cesko zp\u00edv\u00e1 koledy&#8220;,<\/strong><br \/>\n<strong>na kterou jsme se v\u017edy sch\u00e1zeli na v\u00e1no\u010dn\u00edm trhu na Rindermarktu v Mnichov\u011b.<\/strong><br \/>\n<strong>Spole\u010dn\u011b jsme si zazp\u00edvali \u010desk\u00e9 koledy, spo\u0159\u00e1dali p\u0159inesen\u00e9 cukrov\u00ed,<\/strong><br \/>\n<strong>ud\u011blali fotografie, kter\u00e9 jsme zaslali do region\u00e1ln\u00edch novin Den\u00edk v Praze<\/strong><br \/>\n<strong>a dal\u0161\u00ed dny jsme si fotografie mohli prohl\u00e9dnout v tisku.<\/strong><\/p>\n<p style=\"text-align: center;\"><strong>Bohu\u017eel leto\u0161n\u00ed ro\u010dn\u00edk, a\u010d je jubilejn\u00ed, des\u00e1t\u00fd!!! je poznamen\u00e1n coronavirovou pandemi\u00ed,<\/strong><br \/>\n<strong>a tak se zp\u00edv\u00e1n\u00ed koled kon\u00e1 tentokr\u00e1t doma<\/strong><br \/>\n<strong>&#8211; nicm\u00e9n\u011b \u010das a hodina plat\u00ed jako v\u017edycky:<\/strong><br \/>\n<strong>9.12.2020 (2.st\u0159eda v prosinci) od 18:00 hodin.<\/strong><\/p>\n<p style=\"text-align: center;\"><strong>Dal\u0161\u00ed podrobnosti, v\u010detn\u011b koled, kter\u00e9 se letos zp\u00edvaj\u00ed, najdete zde:<\/strong><br \/>\n<strong><a href=\"https:\/\/www.ceskozpivakoledy.cz\/\" target=\"_blank\" rel=\"nofollow noopener\">https:\/\/www.ceskozpivakoledy.cz\/<\/a><\/strong><\/p>\n<p style=\"text-align: center;\"><strong>A n\u00ed\u017ee je\u0161t\u011b dopis, kter\u00fd jsme obdr\u017eeli od \u0161\u00e9fredaktora redakc\u00ed Den\u00edku pana Romana Gallo<\/strong><\/p>\n<p style=\"text-align: center;\"><strong>S p\u0159\u00e1n\u00edm dobr\u00e9 z\u00e1bavy p\u0159i leto\u0161n\u00edm dom\u00e1c\u00edm zp\u011bvu koled<\/strong><br \/>\n<strong>a i p\u0159\u00e1n\u00edm p\u0159\u00edjemn\u00e9o pro\u017eit\u00ed zbytku adventu v\u010detn\u011b v\u00e1no\u010dn\u00edch sv\u00e1tk\u016f<\/strong><\/p>\n<p style=\"text-align: center;\"><strong>va\u0161e<\/strong><\/p>\n<p style=\"text-align: center;\"><strong>SVU Deutschland (Mnichov)<\/strong><\/p>\n<table style=\"height: 5px;\" border=\"0\" width=\"5\" cellspacing=\"0\" cellpadding=\"0\" bgcolor=\"#fff5db\">\n<tbody>\n<tr>\n<td class=\"float_obr pl20\" align=\"left\" valign=\"top\"><\/td>\n<td class=\"float_obr pl20 pb20 pt0\" align=\"left\" valign=\"top\"><strong><a href=\"https:\/\/deref-gmx.net\/mail\/client\/lwdMpTRkdQ8\/dereferrer\/?redirectUrl=http%3A%2F%2Fclick.infovlmedia.cz%2Ff%2Fa%2FBhNY_6hjS1YkfoczLjZyhA%7E%7E%2FAAA-fAA%7E%2FRgRhrKZ-P0SAaHR0cHM6Ly93d3cuY2Vza296cGl2YWtvbGVkeS5jei8_dXRtX3NvdXJjZT1uZXdzbGV0dGVyJnV0bV9tZWRpdW09ZW1haWwmdXRtX2NhbXBhaWduPWNlc2tvLXpwaXZhLWtvbGVkeS0yMDIwJnV0bV9jb250ZW50PWFrdGl2bmlXA3NwY0IKACGHIcpf-GEfmFIUc3Z1LWJyZC1tZWRpYUBnbXguZGVYBAAAZYY%7E\" target=\"_blank\" rel=\"noopener\"><img decoding=\"async\" class=\"ml0\" src=\"https:\/\/:0\/\" alt=\"\" \/><\/a><\/strong><\/td>\n<\/tr>\n<\/tbody>\n<\/table>\n<p><b style=\"background-color: #fff5db;\"><em><img loading=\"lazy\" decoding=\"async\" class=\"aligncenter\" src=\"https:\/\/system.ireceptar.cz\/vlm\/2020-12-koledy\/koule.png\" width=\"563\" height=\"553\" \/><\/em><\/b><\/p>\n<table class=\"DMbackground DMcolor\" border=\"0\" width=\"100%\" cellspacing=\"0\" cellpadding=\"0\">\n<tbody>\n<tr>\n<td class=\"float_obr pl20\">Akce\u00a0<b>\u010cesko zp\u00edv\u00e1 koledy<\/b>\u00a0s\u00a0Den\u00edkem slav\u00ed svoje prvn\u00ed velk\u00e9 kulatiny. Ve st\u0159edu\u00a0<b>9.\u00a0prosince<\/b>\u00a0se toti\u017e\u00a0<b>od\u00a018\u00a0hodin<\/b>\u00a0uskute\u010dn\u00ed u\u017e po des\u00e1t\u00e9. By\u0165 s\u00a0jist\u00fdm omezen\u00edm, jeliko\u017e vl\u00e1dn\u00ed omezen\u00ed opat\u0159en\u00ed znemo\u017e\u0148uj\u00ed hromadn\u00e9 akce. A\u00a0pr\u00e1v\u011b p\u0159i zp\u011bvu v\u00e1no\u010dn\u00edch p\u00edsn\u00ed se na \u0159ad\u011b m\u00edst p\u0159ed p\u00f3dii shroma\u017e\u010fuje klidn\u011b i\u00a0p\u0159es tis\u00edc \u00fa\u010dastn\u00edk\u016f.<\/p>\n<p><b>A\u00a0jak to tedy bude letos?<\/b><\/p>\n<p>Prost\u011b si zazp\u00edv\u00e1me v\u00a0dom\u00e1c\u00edm prost\u0159edn\u00ed v\u00a0rodinn\u00e9m kruhu.<\/p>\n<p>Stejn\u011b tak se nem\u011bn\u00ed, \u017ee akce\u00a0<a href=\"https:\/\/deref-gmx.net\/mail\/client\/lwdMpTRkdQ8\/dereferrer\/?redirectUrl=http%3A%2F%2Fclick.infovlmedia.cz%2Ff%2Fa%2FBhNY_6hjS1YkfoczLjZyhA%7E%7E%2FAAA-fAA%7E%2FRgRhrKZ-P0SAaHR0cHM6Ly93d3cuY2Vza296cGl2YWtvbGVkeS5jei8_dXRtX3NvdXJjZT1uZXdzbGV0dGVyJnV0bV9tZWRpdW09ZW1haWwmdXRtX2NhbXBhaWduPWNlc2tvLXpwaXZhLWtvbGVkeS0yMDIwJnV0bV9jb250ZW50PWFrdGl2bmlXA3NwY0IKACGHIcpf-GEfmFIUc3Z1LWJyZC1tZWRpYUBnbXguZGVYBAAAZYY%7E\" target=\"_blank\" rel=\"noopener\"><b>\u010cesko zp\u00edv\u00e1 koledy<\/b><\/a>\u00a0je hromadnou akc\u00ed, kdy zp\u00edv\u00e1n\u00ed t\u011bch nejkr\u00e1sn\u011bj\u0161\u00edch v\u00e1no\u010dn\u00edch p\u00edsn\u00ed ve stejn\u00fd \u010das na d\u00e1lku propoj\u00ed obyvatele nap\u0159\u00ed\u010d na\u0161\u00ed vlast\u00ed. A\u00a0op\u011bt\u202fv\u011b\u0159\u00edme, \u017ee se k\u00a0nim p\u0159idaj\u00ed i\u00a0krajan\u00e9 \u017eij\u00edc\u00ed v\u00a0zahrani\u010d\u00ed.<\/p>\n<p>Tak\u00e9 letos se m\u016f\u017eete k\u00a0\u00fa\u010dasti p\u0159ihl\u00e1sit na na\u0161ich webov\u00fdch str\u00e1nk\u00e1ch na adrese ceskozpivakoledy.cz. N\u00e1sledn\u011b od n\u00e1s z\u00edsk\u00e1te odkaz na spole\u010dn\u00fd stream, na kter\u00e9m\u202fbude 9.\u00a0prosince tempo i\u00a0t\u00f3ny ud\u00e1vat v\u00a0p\u0159\u00edm\u00e9m p\u0159enosu kapela\u00a0<b>\u010cechomor<\/b>. \u017div\u00fd p\u0159enos nalad\u00edte tak\u00e9 na region\u00e1ln\u00edch stanic\u00edch \u010cesk\u00e9ho rozhlasu\u00a0<b>9.\u00a0prosince od 18\u00a0hodin<\/b>. V\u00a0leto\u0161n\u00edm roce m\u00e1me p\u0159ipravenou zvukovou pohlednici, kterou m\u016f\u017ee ka\u017ed\u00fd \u010dten\u00e1\u0159 odeslat z\u00a0webu\u00a0<a href=\"https:\/\/deref-gmx.net\/mail\/client\/lwdMpTRkdQ8\/dereferrer\/?redirectUrl=http%3A%2F%2Fclick.infovlmedia.cz%2Ff%2Fa%2FBhNY_6hjS1YkfoczLjZyhA%7E%7E%2FAAA-fAA%7E%2FRgRhrKZ-P0SAaHR0cHM6Ly93d3cuY2Vza296cGl2YWtvbGVkeS5jei8_dXRtX3NvdXJjZT1uZXdzbGV0dGVyJnV0bV9tZWRpdW09ZW1haWwmdXRtX2NhbXBhaWduPWNlc2tvLXpwaXZhLWtvbGVkeS0yMDIwJnV0bV9jb250ZW50PWFrdGl2bmlXA3NwY0IKACGHIcpf-GEfmFIUc3Z1LWJyZC1tZWRpYUBnbXguZGVYBAAAZYY%7E\" target=\"_blank\" rel=\"noopener\"><b>www.ceskozpivakoledy.cz<\/b><\/a>\u00a0sv\u00fdm bl\u00edzk\u00fdm.<\/p>\n<p class=\"float_obr w100 DMcolor\">S\u00a0p\u0159\u00e1n\u00edm pohodov\u00fdch V\u00e1noc<\/p>\n<p><img decoding=\"async\" class=\"float_obr LM\" src=\"https:\/\/system.ireceptar.cz\/vlm\/2018-08-sport\/sign-194x53.jpg\" \/><\/p>\n<p class=\"float_obr w100 DMcolor\"><b>Roman Gallo<\/b><br \/>\n\u0161\u00e9fredaktor redakc\u00ed\u00a0Den\u00edku<\/p>\n<\/td>\n<\/tr>\n<\/tbody>\n<\/table>\n","protected":false},"excerpt":{"rendered":"<p>Mil\u00ed krajan\u00e9 a zp\u011bv\u00e1ci, jako ka\u017edoro\u010dn\u011b by se m\u011bla konat akce &#8222;\u010cesko zp\u00edv\u00e1 koledy&#8220;, na kterou jsme se v\u017edy sch\u00e1zeli na v\u00e1no\u010dn\u00edm trhu na Rindermarktu v Mnichov\u011b. Spole\u010dn\u011b jsme si zazp\u00edvali \u010desk\u00e9 koledy, spo\u0159\u00e1dali p\u0159inesen\u00e9 cukrov\u00ed, ud\u011blali fotografie, kter\u00e9 jsme <a href=\"https:\/\/www.svu2000.org\/nemecko\/drivejsi\/2020\/cesko-zpiva-koledy-2020\/\" class=\"read-more\">Read More &#8230;<\/a><\/p>\n","protected":false},"author":9,"featured_media":0,"comment_status":"closed","ping_status":"closed","sticky":false,"template":"","format":"standard","meta":{"footnotes":""},"categories":[26],"tags":[],"class_list":["post-2039","post","type-post","status-publish","format-standard","hentry","category-26"],"_links":{"self":[{"href":"https:\/\/www.svu2000.org\/nemecko\/wp-json\/wp\/v2\/posts\/2039","targetHints":{"allow":["GET"]}}],"collection":[{"href":"https:\/\/www.svu2000.org\/nemecko\/wp-json\/wp\/v2\/posts"}],"about":[{"href":"https:\/\/www.svu2000.org\/nemecko\/wp-json\/wp\/v2\/types\/post"}],"author":[{"embeddable":true,"href":"https:\/\/www.svu2000.org\/nemecko\/wp-json\/wp\/v2\/users\/9"}],"replies":[{"embeddable":true,"href":"https:\/\/www.svu2000.org\/nemecko\/wp-json\/wp\/v2\/comments?post=2039"}],"version-history":[{"count":7,"href":"https:\/\/www.svu2000.org\/nemecko\/wp-json\/wp\/v2\/posts\/2039\/revisions"}],"predecessor-version":[{"id":2049,"href":"https:\/\/www.svu2000.org\/nemecko\/wp-json\/wp\/v2\/posts\/2039\/revisions\/2049"}],"wp:attachment":[{"href":"https:\/\/www.svu2000.org\/nemecko\/wp-json\/wp\/v2\/media?parent=2039"}],"wp:term":[{"taxonomy":"category","embeddable":true,"href":"https:\/\/www.svu2000.org\/nemecko\/wp-json\/wp\/v2\/categories?post=2039"},{"taxonomy":"post_tag","embeddable":true,"href":"https:\/\/www.svu2000.org\/nemecko\/wp-json\/wp\/v2\/tags?post=2039"}],"curies":[{"name":"wp","href":"https:\/\/api.w.org\/{rel}","templated":true}]}}