{"id":2209,"date":"2023-02-17T20:04:19","date_gmt":"2023-02-17T19:04:19","guid":{"rendered":"https:\/\/www.svu2000.org\/nemecko\/?p=2209"},"modified":"2025-10-29T22:30:58","modified_gmt":"2025-10-29T21:30:58","slug":"bayerisches-junior-balet-munchen-navsteva-zkousky-dne-14-3-2023","status":"publish","type":"post","link":"https:\/\/www.svu2000.org\/nemecko\/2023\/bayerisches-junior-balet-munchen-navsteva-zkousky-dne-14-3-2023\/","title":{"rendered":"BAYERISCHES JUNIOR BALET M\u00dcNCHEN &#8211; n\u00e1v\u0161t\u011bva zkou\u0161ky dne 14.3.2023"},"content":{"rendered":"<p>&nbsp;<\/p>\n<p><a href=\"https:\/\/www.svu2000.org\/nemecko\/foto-balet-2\/\"><img loading=\"lazy\" decoding=\"async\" class=\"alignleft  wp-image-2204\" src=\"https:\/\/www.svu2000.org\/nemecko\/wp-content\/foto-balet-2.jpg\" alt=\"\" width=\"816\" height=\"330\" srcset=\"https:\/\/www.svu2000.org\/nemecko\/wp-content\/foto-balet-2.jpg 1484w, https:\/\/www.svu2000.org\/nemecko\/wp-content\/foto-balet-2-300x121.jpg 300w, https:\/\/www.svu2000.org\/nemecko\/wp-content\/foto-balet-2-768x311.jpg 768w, https:\/\/www.svu2000.org\/nemecko\/wp-content\/foto-balet-2-1024x415.jpg 1024w, https:\/\/www.svu2000.org\/nemecko\/wp-content\/foto-balet-2-360x146.jpg 360w\" sizes=\"auto, (max-width: 816px) 100vw, 816px\" \/><\/a><\/p>\n<p>&nbsp;<\/p>\n<p>&nbsp;<\/p>\n<p>&nbsp;<\/p>\n<p>&nbsp;<\/p>\n<p>&nbsp;<\/p>\n<p>&nbsp;<\/p>\n<p>&nbsp;<\/p>\n<p>&nbsp;<\/p>\n<p><a href=\"https:\/\/www.svu2000.org\/nemecko\/svu_03-2023\/\"><img loading=\"lazy\" decoding=\"async\" class=\"alignleft  wp-image-2207\" src=\"https:\/\/www.svu2000.org\/nemecko\/wp-content\/SVU_03-2023.jpg\" alt=\"\" width=\"777\" height=\"439\" srcset=\"https:\/\/www.svu2000.org\/nemecko\/wp-content\/SVU_03-2023.jpg 620w, https:\/\/www.svu2000.org\/nemecko\/wp-content\/SVU_03-2023-300x169.jpg 300w, https:\/\/www.svu2000.org\/nemecko\/wp-content\/SVU_03-2023-360x203.jpg 360w\" sizes=\"auto, (max-width: 777px) 100vw, 777px\" \/><\/a><\/p>\n<p>&nbsp;<\/p>\n<p>&nbsp;<\/p>\n<p>&nbsp;<\/p>\n<p>&nbsp;<\/p>\n<p>&nbsp;<\/p>\n<p>&nbsp;<\/p>\n<p>&nbsp;<\/p>\n<p>&nbsp;<\/p>\n<p>&nbsp;<\/p>\n<p>&nbsp;<\/p>\n<p>&nbsp;<\/p>\n<p><a href=\"https:\/\/www.svu2000.org\/nemecko\/foto-balet-3\/\"><img loading=\"lazy\" decoding=\"async\" class=\"alignleft  wp-image-2205\" src=\"https:\/\/www.svu2000.org\/nemecko\/wp-content\/foto-balet-3.jpg\" alt=\"\" width=\"783\" height=\"326\" srcset=\"https:\/\/www.svu2000.org\/nemecko\/wp-content\/foto-balet-3.jpg 1797w, https:\/\/www.svu2000.org\/nemecko\/wp-content\/foto-balet-3-300x125.jpg 300w, https:\/\/www.svu2000.org\/nemecko\/wp-content\/foto-balet-3-768x320.jpg 768w, https:\/\/www.svu2000.org\/nemecko\/wp-content\/foto-balet-3-1024x426.jpg 1024w, https:\/\/www.svu2000.org\/nemecko\/wp-content\/foto-balet-3-360x150.jpg 360w\" sizes=\"auto, (max-width: 783px) 100vw, 783px\" \/><\/a><\/p>\n<p>&nbsp;<\/p>\n<p>&nbsp;<\/p>\n<p>&nbsp;<\/p>\n<p>&nbsp;<\/p>\n<p>&nbsp;<\/p>\n<p>&nbsp;<\/p>\n<p>&nbsp;<\/p>\n<p>&nbsp;<\/p>\n<p>&nbsp;<\/p>\n<p><a href=\"https:\/\/www.svu2000.org\/nemecko\/svu_03-2023_dodatek\/\"><img loading=\"lazy\" decoding=\"async\" class=\"alignleft  wp-image-2208\" src=\"https:\/\/www.svu2000.org\/nemecko\/wp-content\/SVU_03-2023_dodatek.jpg\" alt=\"\" width=\"779\" height=\"190\" srcset=\"https:\/\/www.svu2000.org\/nemecko\/wp-content\/SVU_03-2023_dodatek.jpg 582w, https:\/\/www.svu2000.org\/nemecko\/wp-content\/SVU_03-2023_dodatek-300x73.jpg 300w, https:\/\/www.svu2000.org\/nemecko\/wp-content\/SVU_03-2023_dodatek-360x88.jpg 360w\" sizes=\"auto, (max-width: 779px) 100vw, 779px\" \/><\/a><a href=\"https:\/\/www.svu2000.org\/nemecko\/novinky\/bayerisches-junior-balet-munchen-navsteva-zkousky-dne-14-3-2023\/attachment\/csm_liska__ivan_2017__r_m-_leidgschwendner_bsb-028_acd0af2c02\/\" rel=\"attachment wp-att-2210\"><img loading=\"lazy\" decoding=\"async\" class=\"alignleft  wp-image-2210\" src=\"https:\/\/www.svu2000.org\/nemecko\/wp-content\/csm_Liska__Ivan_2017__R_M._Leidgschwendner_BSB-028_acd0af2c02.jpg\" alt=\"\" width=\"355\" height=\"355\" srcset=\"https:\/\/www.svu2000.org\/nemecko\/wp-content\/csm_Liska__Ivan_2017__R_M._Leidgschwendner_BSB-028_acd0af2c02.jpg 768w, https:\/\/www.svu2000.org\/nemecko\/wp-content\/csm_Liska__Ivan_2017__R_M._Leidgschwendner_BSB-028_acd0af2c02-150x150.jpg 150w, https:\/\/www.svu2000.org\/nemecko\/wp-content\/csm_Liska__Ivan_2017__R_M._Leidgschwendner_BSB-028_acd0af2c02-300x300.jpg 300w, https:\/\/www.svu2000.org\/nemecko\/wp-content\/csm_Liska__Ivan_2017__R_M._Leidgschwendner_BSB-028_acd0af2c02-270x270.jpg 270w\" sizes=\"auto, (max-width: 355px) 100vw, 355px\" \/><\/a><\/p>\n<p>&nbsp;<\/p>\n<p>&nbsp;<\/p>\n<p>&nbsp;<\/p>\n<p>&nbsp;<\/p>\n<p>&nbsp;<\/p>\n<p>&nbsp;<\/p>\n<p>&nbsp;<\/p>\n<p>&nbsp;<\/p>\n<p>&nbsp;<\/p>\n<p>&nbsp;<\/p>\n<p>&nbsp;<\/p>\n<p>&nbsp;<\/p>\n<p>&nbsp;<\/p>\n<p>&nbsp;<\/p>\n<p>&nbsp;<\/p>\n<p>&nbsp;<\/p>\n<h1 class=\"text text--\">Ivan Li\u0161ka<\/h1>\n<h3 class=\"text text--\"><strong>\u0158editel Bavorsk\u00e9ho juniorsk\u00e9ho baletu Mnichov a Nadace Heinze Bosla<\/strong><\/h3>\n<p>Ivan Li\u0161ka se narodil 8. listopadu 1950 v Praze a vzd\u011bl\u00e1n\u00ed z\u00edskal na Pra\u017esk\u00e9 konzervato\u0159i. Po jej\u00edm absolvov\u00e1n\u00ed v roce 1969 emigroval z vlasti a nastoupil do baletn\u00edho souboru Deutsche Oper am Rhein v D\u00fcsseldorfu.<\/p>\n<p>V letech 1974-1977 byl prvn\u00edm tane\u010dn\u00edkem (=polos\u00f3listou) baletu Bavorsk\u00e9 st\u00e1tn\u00ed opery (od roku 1989 Staatsballett), pot\u00e9 nastoupil jako prvn\u00ed s\u00f3lista do Hambursk\u00e9ho baletu, kde tan\u010dil a vytvo\u0159il tituln\u00ed role v mnoha d\u00edlech Johna Neumeiera &#8211; Sen noci svatoj\u00e1nsk\u00e9, Matth\u00e4us-Passion, Wie es Euch gef\u00e4llt, hlavn\u00ed roli v Zwischenr\u00e4ume &#8211; Dev\u00e1t\u00e9 symfonii Gustava Mahlera, tituln\u00ed role v Peer Gyntovi, Odyssee, d\u00e1le v d\u00edlech Robbinse, B\u00e9jarta, van Manena, Kyli\u00e1na, Balanchina, Cranka, Louise, Lubovi\u010de, Lim\u00f3na, Tudora. Celosv\u011btov\u00e9 hostov\u00e1n\u00ed, mj. jako On\u011bgin s Natali\u00ed Makarovovou, ho zavedlo do Pa\u0159\u00ed\u017ee, Lond\u00fdna, New Yorku. Tan\u010dil Armanda ve filmov\u00e9 verzi D\u00e1my s kam\u00e9liemi po boku Marcii Hayd\u00e9e. Na sout\u011b\u017ei Plissetskaya z\u00edskal cenu za nejlep\u0161\u00edho partnera. Li\u0161ka vytvo\u0159il choreografii v r\u00e1mci Hambursk\u00fdch baletn\u00edch d\u00edlen a v roce 1997 v Brn\u011b (Kontroverze).<br \/>\nV letech 1998-2016 \u0159\u00eddil Ivan Li\u0161ka Bavorsk\u00fd st\u00e1tn\u00ed balet. Pod jeho veden\u00edm se z\u00e1jezdy roz\u0161\u00ed\u0159ily nap\u0159\u00edklad do Petrohradu, Madridu,Indie, Budape\u0161ti, It\u00e1lie, Kanady, Prahy, At\u00e9n, Turecka, Tchaj-wanu a \u010c\u00edny. P\u0159edstavil \u0159adu nov\u00fdch choreograf\u016f Bavorsk\u00e9ho st\u00e1tn\u00edho baletu: William Forsythe, Jos\u00e9 Lim\u00f3n, Jean Grand-Ma\u00eetre, Saburo Teshigawara, Amir Hosseinpour, Jacopo Godani, Jerome Robbins, Martin Schl\u00e4pfer, Simone Sandroni, Terence Kohler, J\u00f6rg Mannes a Nacho Duato. \u0158adu klasick\u00fdch nov\u00fdch inscenac\u00ed na reperto\u00e1ru Li\u0161ka doplnil Raymondou, kterou sv\u011b\u0159il Rayi Barrovi. Ve vlastn\u00edch inscenac\u00edch Sp\u00edc\u00ed krasavice (2003\/2004) a Korz\u00e1ra (2007) Li\u0161ka prok\u00e1zal historicky reflektovan\u00fd p\u0159\u00edstup k choreografick\u00e9 tradici, kter\u00fd je pro Bavorsk\u00fd st\u00e1tn\u00ed balet charakteristick\u00fd.<br \/>\nIvan Li\u0161ka je z\u00e1stupcem p\u0159edsedy BBTK (Bundesdeutsche Ballett- und Tanzdirektoren Konferenz) a od roku 2005 je \u010dlenem um\u011bleck\u00e9 rady N\u00e1rodn\u00edho divadla v Praze. Na ja\u0159e 2007 mu byla ud\u011blena &#8222;&#8220;Medaile za zvl\u00e1\u0161tn\u00ed z\u00e1sluhy o Bavorsko ve sjednocen\u00e9 Evrop\u011b&#8220;&#8220; St\u00e1tn\u00edm ministerstvem pro spolkov\u00e9 a evropsk\u00e9 z\u00e1le\u017eitosti. Na podzim 2008 mu \u010d\u00ednsk\u00e9 ministerstvo kultury ud\u011blilo &#8222;Cenu za vynikaj\u00edc\u00ed z\u00e1sluhy o mezin\u00e1rodn\u00ed kulturn\u00ed v\u00fdm\u011bnu&#8220;. Dne 9. \u010dervence 2009 mu ministersk\u00fd p\u0159edseda Horst Seehofer ud\u011blil Bavorsk\u00fd \u0159\u00e1d za z\u00e1sluhy. V roce 2012 mu byla ud\u011blena N\u011bmeck\u00e1 tane\u010dn\u00ed cena za jeho sv\u011btovou tane\u010dn\u00ed kari\u00e9ru a pr\u00e1ci \u0159editele Mnichovsk\u00e9 spole\u010dnosti.<br \/>\nVe spolupr\u00e1ci s Konstanze Vernonovou, b\u00fdvalou \u0159editelkou Nadace Heinze Bosla, kter\u00e1 zem\u0159ela v lednu 2013, a Janem Broeckxem, \u0159editelem Ba<\/p>\n<p>Translated with www.DeepL.com\/Translator (free version)<\/p>\n<p>&nbsp;<\/p>\n","protected":false},"excerpt":{"rendered":"<p>&nbsp; &nbsp; &nbsp; &nbsp; &nbsp; &nbsp; &nbsp; &nbsp; &nbsp; &nbsp; &nbsp; &nbsp; &nbsp; &nbsp; &nbsp; &nbsp; &nbsp; &nbsp; &nbsp; &nbsp; &nbsp; &nbsp; &nbsp; &nbsp; &nbsp; &nbsp; &nbsp; &nbsp; &nbsp; &nbsp; &nbsp; &nbsp; &nbsp; &nbsp; &nbsp; &nbsp; &nbsp; &nbsp; &nbsp; &nbsp; <a href=\"https:\/\/www.svu2000.org\/nemecko\/2023\/bayerisches-junior-balet-munchen-navsteva-zkousky-dne-14-3-2023\/\" class=\"read-more\">Read More &#8230;<\/a><\/p>\n","protected":false},"author":9,"featured_media":0,"comment_status":"closed","ping_status":"closed","sticky":false,"template":"","format":"standard","meta":{"footnotes":""},"categories":[29],"tags":[],"class_list":["post-2209","post","type-post","status-publish","format-standard","hentry","category-29"],"_links":{"self":[{"href":"https:\/\/www.svu2000.org\/nemecko\/wp-json\/wp\/v2\/posts\/2209","targetHints":{"allow":["GET"]}}],"collection":[{"href":"https:\/\/www.svu2000.org\/nemecko\/wp-json\/wp\/v2\/posts"}],"about":[{"href":"https:\/\/www.svu2000.org\/nemecko\/wp-json\/wp\/v2\/types\/post"}],"author":[{"embeddable":true,"href":"https:\/\/www.svu2000.org\/nemecko\/wp-json\/wp\/v2\/users\/9"}],"replies":[{"embeddable":true,"href":"https:\/\/www.svu2000.org\/nemecko\/wp-json\/wp\/v2\/comments?post=2209"}],"version-history":[{"count":4,"href":"https:\/\/www.svu2000.org\/nemecko\/wp-json\/wp\/v2\/posts\/2209\/revisions"}],"predecessor-version":[{"id":2214,"href":"https:\/\/www.svu2000.org\/nemecko\/wp-json\/wp\/v2\/posts\/2209\/revisions\/2214"}],"wp:attachment":[{"href":"https:\/\/www.svu2000.org\/nemecko\/wp-json\/wp\/v2\/media?parent=2209"}],"wp:term":[{"taxonomy":"category","embeddable":true,"href":"https:\/\/www.svu2000.org\/nemecko\/wp-json\/wp\/v2\/categories?post=2209"},{"taxonomy":"post_tag","embeddable":true,"href":"https:\/\/www.svu2000.org\/nemecko\/wp-json\/wp\/v2\/tags?post=2209"}],"curies":[{"name":"wp","href":"https:\/\/api.w.org\/{rel}","templated":true}]}}