{"id":32,"date":"2008-12-08T09:25:12","date_gmt":"2008-12-08T08:25:12","guid":{"rendered":"http:\/\/www.svu2000.org\/deutschland\/?p=32"},"modified":"2011-02-15T12:00:19","modified_gmt":"2011-02-15T11:00:19","slug":"akce-kveten-2008","status":"publish","type":"post","link":"https:\/\/www.svu2000.org\/nemecko\/drivejsi\/2008\/akce-kveten-2008\/","title":{"rendered":"Akce kv\u011bten 2008"},"content":{"rendered":"<p><strong><a href=\"http:\/\/www.svu2000.org\/nemecko\/wp-content\/webpozvkopie1.jpg\" title=\"webpozvkopie1.jpg\"><img decoding=\"async\" src=\"http:\/\/www.svu2000.org\/nemecko\/wp-content\/webpozvkopie1.jpg\" alt=\"webpozvkopie1.jpg\" \/><\/a><\/strong><\/p>\n<p><strong><a href=\"http:\/\/www.svu2000.org\/nemecko\/wp-content\/webpozvkopie1.jpg\" title=\"webpozvkopie1.jpg\"><\/a><\/strong><\/p>\n<p><strong><em>)))))))))))))))))))))))))))))))))))))))))))))))))))))))))))))))))))))))))))))))))))))))))))))))))))))))))))))))<\/em><\/strong><\/p>\n<p><strong><em>Herecky i dramaturgicky velice\u00a0dob\u0159e ud\u011blan\u00e9 p\u00e1smo origin\u00e1ln\u00edch dokument\u016f a dobov\u011b zhudebn\u011bn\u00fdch p\u00edsn\u00ed, p\u0159elo\u017een\u00fdch do srozumiteln\u00e9 \u010ce\u0161tiny. Celkov\u00fd dojem trochu\u00a0utrp\u011bl \u00a0zkr\u00e1cen\u00edm a pravd\u011bpodobn\u011b i zjednodu\u0161en\u00edm po\u0159adu. <\/em><\/strong><\/p>\n<p><strong><em>Karel Pokorn\u00fd<\/em><\/strong><\/p>\n<p><strong><em>))))))))))))))))))))))))))))))))))))))))))))))))))))))))))))))))))))))))))))))))))))))))))))))))))))))))))))))))))))))<\/em><\/strong><\/p>\n","protected":false},"excerpt":{"rendered":"<p>))))))))))))))))))))))))))))))))))))))))))))))))))))))))))))))))))))))))))))))))))))))))))))))))))))))))))))))) Herecky i dramaturgicky velice\u00a0dob\u0159e ud\u011blan\u00e9 p\u00e1smo origin\u00e1ln\u00edch dokument\u016f a dobov\u011b zhudebn\u011bn\u00fdch p\u00edsn\u00ed, p\u0159elo\u017een\u00fdch do srozumiteln\u00e9 \u010ce\u0161tiny. Celkov\u00fd dojem trochu\u00a0utrp\u011bl \u00a0zkr\u00e1cen\u00edm a pravd\u011bpodobn\u011b i zjednodu\u0161en\u00edm po\u0159adu. Karel Pokorn\u00fd ))))))))))))))))))))))))))))))))))))))))))))))))))))))))))))))))))))))))))))))))))))))))))))))))))))))))))))))))))))))<\/p>\n","protected":false},"author":1,"featured_media":0,"comment_status":"closed","ping_status":"closed","sticky":false,"template":"","format":"standard","meta":{"footnotes":""},"categories":[11],"tags":[],"class_list":["post-32","post","type-post","status-publish","format-standard","hentry","category-11"],"_links":{"self":[{"href":"https:\/\/www.svu2000.org\/nemecko\/wp-json\/wp\/v2\/posts\/32","targetHints":{"allow":["GET"]}}],"collection":[{"href":"https:\/\/www.svu2000.org\/nemecko\/wp-json\/wp\/v2\/posts"}],"about":[{"href":"https:\/\/www.svu2000.org\/nemecko\/wp-json\/wp\/v2\/types\/post"}],"author":[{"embeddable":true,"href":"https:\/\/www.svu2000.org\/nemecko\/wp-json\/wp\/v2\/users\/1"}],"replies":[{"embeddable":true,"href":"https:\/\/www.svu2000.org\/nemecko\/wp-json\/wp\/v2\/comments?post=32"}],"version-history":[{"count":3,"href":"https:\/\/www.svu2000.org\/nemecko\/wp-json\/wp\/v2\/posts\/32\/revisions"}],"predecessor-version":[{"id":323,"href":"https:\/\/www.svu2000.org\/nemecko\/wp-json\/wp\/v2\/posts\/32\/revisions\/323"}],"wp:attachment":[{"href":"https:\/\/www.svu2000.org\/nemecko\/wp-json\/wp\/v2\/media?parent=32"}],"wp:term":[{"taxonomy":"category","embeddable":true,"href":"https:\/\/www.svu2000.org\/nemecko\/wp-json\/wp\/v2\/categories?post=32"},{"taxonomy":"post_tag","embeddable":true,"href":"https:\/\/www.svu2000.org\/nemecko\/wp-json\/wp\/v2\/tags?post=32"}],"curies":[{"name":"wp","href":"https:\/\/api.w.org\/{rel}","templated":true}]}}