{"id":387,"date":"2011-12-26T19:46:42","date_gmt":"2011-12-26T18:46:42","guid":{"rendered":"http:\/\/www.svu2000.org\/nemecko\/?p=387"},"modified":"2012-01-26T19:43:35","modified_gmt":"2012-01-26T18:43:35","slug":"akce-kveten-2011","status":"publish","type":"post","link":"https:\/\/www.svu2000.org\/nemecko\/drivejsi\/2011\/akce-kveten-2011\/","title":{"rendered":"Akce kv\u011bten 2011"},"content":{"rendered":"<p><a href=\"http:\/\/www.svu2000.org\/nemecko\/wp-content\/2011-05_web.bmp\"><img decoding=\"async\" class=\"alignnone size-full wp-image-388\" title=\"2011-05_web\" src=\"http:\/\/www.svu2000.org\/nemecko\/wp-content\/2011-05_web.bmp\" alt=\"\" \/><\/a><\/p>\n<p>Pro\u00a0Dr. Gana jsou z\u0159ejm\u011b re\u0161er\u0161e t\u00fdkaj\u00edc\u00ed se Jaroslava Ha\u0161ka celo\u017eivotn\u00edm d\u00edlem, jeden se a\u017e div\u00ed kde a jak\u00a0ty v\u0161echny informace sebral. Cel\u00e9 to skloubil do knihy, \u010d\u00e1ste\u010dn\u011b voln\u00e9ho rom\u00e1nu a \u010d\u00e1ste\u010dn\u011b biografie, kterou velice osobit\u00fdm zp\u016fsobem p\u0159edstavil. Poslucha\u010di tak dostali jedine\u010dnou\u00a0p\u0159\u00edle\u017eitost sezn\u00e1mit se se skute\u010dn\u00fdm\u00a0prototypem\u00a0symbolu \u010desk\u00e9 n\u00e1rodn\u00ed povahy Josefa \u0160vejka,\u00a0se skute\u010dn\u00fdm nadporu\u010d\u00edkem Luk\u00e1\u0161em, poru\u010d\u00edkem Dubem, feldkur\u00e1tem Katzem, ale tak\u00e9 se skute\u010dn\u00fdm Ha\u0161kem, kter\u00fd byl anarchistou a pacifistou a b\u016fchv\u00ed \u010d\u00edm je\u0161t\u011b, ale dost \u010dasto jen kdy\u017e se to zrovna hodilo, co\u017e samoz\u0159ejm\u011b nic neub\u00edr\u00e1 jeho genialit\u011b a jenom ta by n\u00e1s m\u011bla zaj\u00edmat. Nav\u00edc\u00a0ur\u010dit\u011b nebylo lehk\u00e9 mezi v\u0161emi t\u011bmi\u00a0rud\u00fdmi, b\u00edl\u00fdmi nebo i t\u0159eba\u00a0modro\u017elut\u00fdmi revolucion\u00e1\u0159i\u00a0p\u0159e\u017e\u00edt.\u00a0\u00a0Historick\u00fd r\u00e1mec toho v\u0161eho je fascinuj\u00edc\u00ed, Pavel Gan s n\u00edm sice zach\u00e1z\u00ed ob\u010das dost ne\u0161etrn\u011b, ale zase\u00a0t\u00edm zp\u016fsobem\u00a0o to v\u00edc pobav\u00ed.<\/p>\n<p><em>Karel Pokorn\u00fd<\/em><\/p>\n","protected":false},"excerpt":{"rendered":"<p>Pro\u00a0Dr. Gana jsou z\u0159ejm\u011b re\u0161er\u0161e t\u00fdkaj\u00edc\u00ed se Jaroslava Ha\u0161ka celo\u017eivotn\u00edm d\u00edlem, jeden se a\u017e div\u00ed kde a jak\u00a0ty v\u0161echny informace sebral. Cel\u00e9 to skloubil do knihy, \u010d\u00e1ste\u010dn\u011b voln\u00e9ho rom\u00e1nu a \u010d\u00e1ste\u010dn\u011b biografie, kterou velice osobit\u00fdm zp\u016fsobem p\u0159edstavil. Poslucha\u010di tak dostali <a href=\"https:\/\/www.svu2000.org\/nemecko\/drivejsi\/2011\/akce-kveten-2011\/\" class=\"read-more\">Read More &#8230;<\/a><\/p>\n","protected":false},"author":9,"featured_media":0,"comment_status":"closed","ping_status":"closed","sticky":false,"template":"","format":"standard","meta":{"footnotes":""},"categories":[3],"tags":[],"class_list":["post-387","post","type-post","status-publish","format-standard","hentry","category-3"],"_links":{"self":[{"href":"https:\/\/www.svu2000.org\/nemecko\/wp-json\/wp\/v2\/posts\/387","targetHints":{"allow":["GET"]}}],"collection":[{"href":"https:\/\/www.svu2000.org\/nemecko\/wp-json\/wp\/v2\/posts"}],"about":[{"href":"https:\/\/www.svu2000.org\/nemecko\/wp-json\/wp\/v2\/types\/post"}],"author":[{"embeddable":true,"href":"https:\/\/www.svu2000.org\/nemecko\/wp-json\/wp\/v2\/users\/9"}],"replies":[{"embeddable":true,"href":"https:\/\/www.svu2000.org\/nemecko\/wp-json\/wp\/v2\/comments?post=387"}],"version-history":[{"count":12,"href":"https:\/\/www.svu2000.org\/nemecko\/wp-json\/wp\/v2\/posts\/387\/revisions"}],"predecessor-version":[{"id":623,"href":"https:\/\/www.svu2000.org\/nemecko\/wp-json\/wp\/v2\/posts\/387\/revisions\/623"}],"wp:attachment":[{"href":"https:\/\/www.svu2000.org\/nemecko\/wp-json\/wp\/v2\/media?parent=387"}],"wp:term":[{"taxonomy":"category","embeddable":true,"href":"https:\/\/www.svu2000.org\/nemecko\/wp-json\/wp\/v2\/categories?post=387"},{"taxonomy":"post_tag","embeddable":true,"href":"https:\/\/www.svu2000.org\/nemecko\/wp-json\/wp\/v2\/tags?post=387"}],"curies":[{"name":"wp","href":"https:\/\/api.w.org\/{rel}","templated":true}]}}