{"id":397,"date":"2011-12-25T11:49:33","date_gmt":"2011-12-25T10:49:33","guid":{"rendered":"http:\/\/www.svu2000.org\/nemecko\/?p=397"},"modified":"2012-01-26T19:43:57","modified_gmt":"2012-01-26T18:43:57","slug":"akce-cerven-2011","status":"publish","type":"post","link":"https:\/\/www.svu2000.org\/nemecko\/drivejsi\/2011\/akce-cerven-2011\/","title":{"rendered":"Akce \u010derven 2011"},"content":{"rendered":"<p><a href=\"http:\/\/www.svu2000.org\/nemecko\/wp-content\/cerven1.jpg\"><\/a><\/p>\n<p><a href=\"http:\/\/www.svu2000.org\/nemecko\/wp-content\/cerven3.jpg\"><img loading=\"lazy\" decoding=\"async\" class=\"aligncenter size-full wp-image-401\" title=\"cerven\" src=\"http:\/\/www.svu2000.org\/nemecko\/wp-content\/cerven3.jpg\" alt=\"\" width=\"460\" height=\"194\" srcset=\"https:\/\/www.svu2000.org\/nemecko\/wp-content\/cerven3.jpg 460w, https:\/\/www.svu2000.org\/nemecko\/wp-content\/cerven3-300x126.jpg 300w\" sizes=\"auto, (max-width: 460px) 100vw, 460px\" \/><\/a><\/p>\n<p>S\u00e1ga rodu Cikl\u016f, d\u00edl druh\u00fd n\u00e1s tentokr\u00e1t zavedla nejd\u0159\u00edve na sever star\u00e9ho kontinentu, do Norska, kde Ciklovi p\u0159ijali nab\u00edzen\u00e9 universitn\u00ed pohostinstv\u00ed, kdy\u017e se jim n\u00e1vrat do tehdej\u0161\u00ed \u010cSSR jevil s ohledem na p\u0159\u00edtomnost sp\u0159\u00e1telen\u00fdch arm\u00e1d jako z\u00e1le\u017eitost s pom\u011brn\u011b nejist\u00fdm koncem. Kdy\u017e je\u00a0pak \u010dasem universitn\u00ed symbi\u00f3za se salon\u00edmi maoisy tak\u00e9 tak \u00fapln\u011b nenadchla p\u0159ijali\u00a0nab\u00eddku b\u00fdval\u00e9 trestaneck\u00e9 kolonie, kter\u00e1 se\u00a0v mezi\u010dase\u00a0ji\u017e jmenovala Nov\u00fd Z\u00e9land a disponovala i universitou, na kter\u00e9 Ivan posl\u00e9ze p\u0159edn\u00e1\u0161el tu\u0161\u00edm mezin\u00e1rodn\u00ed pr\u00e1vo. Z cest po t\u00e9to ostrovn\u00ed zemi jako\u017e i z cest do Honkongu a na Tajvan jsme p\u0159i t\u00e9 p\u0159\u00edle\u017eitosti shl\u00e9dli\u00a0i obs\u00e1hlou fotodokumentaci.\u00a0Pravd\u011bpodobn\u011b z \u010dasov\u00fdch d\u016fvod\u016f p\u0159i\u0161ly trochu zkr\u00e1tka Ivanovy zku\u0161enosti se studenty ji\u017en\u00ed polokoule a jejich vn\u00edm\u00e1n\u00ed p\u0159edn\u00e1\u0161en\u00e9 materie, jako\u017e i jeho \u010dinnost v r\u00e1diu Svobodn\u00e1 Evropa po n\u00e1vratu, tak\u017ee se ji\u017e za\u010d\u00edn\u00e1me t\u011b\u0161it na d\u00edl t\u0159et\u00ed. Moderoval Sl\u00e1vek\u00a0\u0160vehla a kdo zn\u00e1 Eli\u0161ku Ciklovou ten v\u00ed kolikr\u00e1t se mu asi poda\u0159ilo se do debaty vm\u00edsit.<\/p>\n<p><em>Karel Pokorn\u00fd<\/em><\/p>\n","protected":false},"excerpt":{"rendered":"<p>S\u00e1ga rodu Cikl\u016f, d\u00edl druh\u00fd n\u00e1s tentokr\u00e1t zavedla nejd\u0159\u00edve na sever star\u00e9ho kontinentu, do Norska, kde Ciklovi p\u0159ijali nab\u00edzen\u00e9 universitn\u00ed pohostinstv\u00ed, kdy\u017e se jim n\u00e1vrat do tehdej\u0161\u00ed \u010cSSR jevil s ohledem na p\u0159\u00edtomnost sp\u0159\u00e1telen\u00fdch arm\u00e1d jako z\u00e1le\u017eitost s pom\u011brn\u011b nejist\u00fdm <a href=\"https:\/\/www.svu2000.org\/nemecko\/drivejsi\/2011\/akce-cerven-2011\/\" class=\"read-more\">Read More &#8230;<\/a><\/p>\n","protected":false},"author":9,"featured_media":0,"comment_status":"closed","ping_status":"closed","sticky":false,"template":"","format":"standard","meta":{"footnotes":""},"categories":[3],"tags":[],"class_list":["post-397","post","type-post","status-publish","format-standard","hentry","category-3"],"_links":{"self":[{"href":"https:\/\/www.svu2000.org\/nemecko\/wp-json\/wp\/v2\/posts\/397","targetHints":{"allow":["GET"]}}],"collection":[{"href":"https:\/\/www.svu2000.org\/nemecko\/wp-json\/wp\/v2\/posts"}],"about":[{"href":"https:\/\/www.svu2000.org\/nemecko\/wp-json\/wp\/v2\/types\/post"}],"author":[{"embeddable":true,"href":"https:\/\/www.svu2000.org\/nemecko\/wp-json\/wp\/v2\/users\/9"}],"replies":[{"embeddable":true,"href":"https:\/\/www.svu2000.org\/nemecko\/wp-json\/wp\/v2\/comments?post=397"}],"version-history":[{"count":9,"href":"https:\/\/www.svu2000.org\/nemecko\/wp-json\/wp\/v2\/posts\/397\/revisions"}],"predecessor-version":[{"id":624,"href":"https:\/\/www.svu2000.org\/nemecko\/wp-json\/wp\/v2\/posts\/397\/revisions\/624"}],"wp:attachment":[{"href":"https:\/\/www.svu2000.org\/nemecko\/wp-json\/wp\/v2\/media?parent=397"}],"wp:term":[{"taxonomy":"category","embeddable":true,"href":"https:\/\/www.svu2000.org\/nemecko\/wp-json\/wp\/v2\/categories?post=397"},{"taxonomy":"post_tag","embeddable":true,"href":"https:\/\/www.svu2000.org\/nemecko\/wp-json\/wp\/v2\/tags?post=397"}],"curies":[{"name":"wp","href":"https:\/\/api.w.org\/{rel}","templated":true}]}}