{"id":42,"date":"2008-12-05T16:24:41","date_gmt":"2008-12-05T15:24:41","guid":{"rendered":"http:\/\/www.svu2000.org\/deutschland\/?p=42"},"modified":"2011-02-15T11:58:54","modified_gmt":"2011-02-15T10:58:54","slug":"akce-srpen-2008","status":"publish","type":"post","link":"https:\/\/www.svu2000.org\/nemecko\/drivejsi\/2008\/akce-srpen-2008\/","title":{"rendered":"Akce srpen 2008"},"content":{"rendered":"<p><span style=\"font-size: 14pt\"><shapetype coordsize=\"21600,21600\" o:spt=\"75\" o:preferrelative=\"t\" path=\"m@4@5l@4@11@9@11@9@5xe\" filled=\"f\" stroked=\"f\" id=\"_x0000_t75\"><\/shapetype><strong><stroke joinstyle=\"miter\"><\/stroke><\/strong><a href=\"http:\/\/www.svu2000.org\/nemecko\/wp-content\/websrpen.jpg\" title=\"websrpen.jpg\"><img decoding=\"async\" src=\"http:\/\/www.svu2000.org\/nemecko\/wp-content\/websrpen.jpg\" alt=\"websrpen.jpg\" \/><\/a><\/span><\/p>\n<p><span style=\"font-size: 14pt\"><\/span><\/p>\n<p><span style=\"font-size: 14pt\"><font face=\"Times New Roman\"><em><strong><span style=\"font-size: 11pt\">Vzpom\u00ednkov\u00fd ve\u010der zah\u00e1jen\u00fd nepl\u00e1novan\u00fdm improvizovan\u00fdm projevem pana gener\u00e1ln\u00edho konzula \u010cesk\u00e9 republiky pana Karla Bor\u016fvky ve kter\u00e9m\u00a0sugestivn\u011b popsal jak na n\u011bj jako mal\u00e9ho chlapce p\u016fsobily a jeho dal\u0161\u00ed v\u00fdvoj ovlivnily\u00a0tiskoviny z roku 1968, kter\u00e9 jeho otec ukr\u00fdval na p\u016fd\u011b rodn\u00e9ho domu.<\/span><\/strong><\/em><\/font><\/span><\/p>\n<p><span style=\"font-size: 14pt\"><font face=\"Times New Roman\"><em><strong><span style=\"font-size: 11pt\"><\/span><\/strong><\/em><strong><span style=\"font-size: 11pt\"><\/span><\/strong><\/font><font face=\"Times New Roman\"><em><strong><span style=\"font-size: 11pt\">L\u00e1\u010fou Pavl\u00edkem moderovan\u00fd rozhovor s Milanem Schulzem\u00a0se zab\u00fdval hlavn\u011b v\u00fdvojem v komunistick\u00e9 stran\u011b \u0161edes\u00e1t\u00fdch let ukon\u010den\u00fdm rokem 1968 a nen\u00e1siln\u011b vy\u00fastil v kritiku n\u011bkter\u00fdch politick\u00fdch aspekt\u016f v sou\u010dastn\u00e9 \u010cesk\u00e9 republice.<\/span><\/strong><\/em><\/font><\/span><\/p>\n<p><span style=\"font-size: 14pt\"><font face=\"Times New Roman\"><em><strong><span style=\"font-size: 11pt\"><\/span><\/strong><\/em><strong><span style=\"font-size: 11pt\"><\/span><\/strong><\/font><em><strong><span style=\"font-size: 11pt\"><font face=\"Times New Roman\">Prolo\u017eeno \u010dten\u00edm dobov\u00fdch dokument\u016f a v\u00edce ne\u017e zda\u0159il\u00fdm vystoupen\u00edm p\u00edsni\u010dk\u00e1\u0159e Miroslava Pale\u010dka.<\/font><\/span><\/strong><\/em><\/span><\/p>\n<p><span style=\"font-size: 14pt\"><em><strong><span style=\"font-size: 11pt\"><font face=\"Times New Roman\">Karel Pokorn\u00fd<\/font><\/span><\/strong><\/em><strong><span style=\"font-size: 11pt\"><\/span><\/strong><\/span><span style=\"font-size: 14pt\"><\/span><\/p>\n<p><span style=\"font-size: 14pt\"><\/span><\/p>\n<p><span style=\"font-size: 14pt\"><f eqn=\"if lineDrawn pixelLineWidth 0\"><\/f><f eqn=\"sum @0 1 0\"><\/f><f eqn=\"sum 0 0 @1\"><\/f><f eqn=\"prod @2 1 2\"><\/f><f eqn=\"prod @3 21600 pixelWidth\"><\/f><f eqn=\"prod @3 21600 pixelHeight\"><\/f><f eqn=\"sum @0 0 1\"><\/f><f eqn=\"prod @6 1 2\"><\/f><f eqn=\"prod @7 21600 pixelWidth\"><\/f><f eqn=\"sum @8 21600 0\"><\/f><f eqn=\"prod @7 21600 pixelHeight\"><\/f><f eqn=\"sum @10 21600 0\"><\/f>\n<path o:extrusionok=\"f\" gradientshapeok=\"t\" o:connecttype=\"rect\"><\/path><lock v:ext=\"edit\" aspectratio=\"t\"><\/lock><shape type=\"#_x0000_t75\" style=\"width: 300pt; height: 159pt\" id=\"_x0000_i1025\"><\/shape><imagedata src=\"file:\/\/\/C:\\DOKUME~1\\karel\\LOKALE~1\\Temp\\msohtml1\\01\\clip_image001.png\"><\/imagedata><\/span><\/p>\n","protected":false},"excerpt":{"rendered":"<p>Vzpom\u00ednkov\u00fd ve\u010der zah\u00e1jen\u00fd nepl\u00e1novan\u00fdm improvizovan\u00fdm projevem pana gener\u00e1ln\u00edho konzula \u010cesk\u00e9 republiky pana Karla Bor\u016fvky ve kter\u00e9m\u00a0sugestivn\u011b popsal jak na n\u011bj jako mal\u00e9ho chlapce p\u016fsobily a jeho dal\u0161\u00ed v\u00fdvoj ovlivnily\u00a0tiskoviny z roku 1968, kter\u00e9 jeho otec ukr\u00fdval na p\u016fd\u011b rodn\u00e9ho domu. <a href=\"https:\/\/www.svu2000.org\/nemecko\/drivejsi\/2008\/akce-srpen-2008\/\" class=\"read-more\">Read More &#8230;<\/a><\/p>\n","protected":false},"author":1,"featured_media":0,"comment_status":"closed","ping_status":"closed","sticky":false,"template":"","format":"standard","meta":{"footnotes":""},"categories":[11],"tags":[],"class_list":["post-42","post","type-post","status-publish","format-standard","hentry","category-11"],"_links":{"self":[{"href":"https:\/\/www.svu2000.org\/nemecko\/wp-json\/wp\/v2\/posts\/42","targetHints":{"allow":["GET"]}}],"collection":[{"href":"https:\/\/www.svu2000.org\/nemecko\/wp-json\/wp\/v2\/posts"}],"about":[{"href":"https:\/\/www.svu2000.org\/nemecko\/wp-json\/wp\/v2\/types\/post"}],"author":[{"embeddable":true,"href":"https:\/\/www.svu2000.org\/nemecko\/wp-json\/wp\/v2\/users\/1"}],"replies":[{"embeddable":true,"href":"https:\/\/www.svu2000.org\/nemecko\/wp-json\/wp\/v2\/comments?post=42"}],"version-history":[{"count":4,"href":"https:\/\/www.svu2000.org\/nemecko\/wp-json\/wp\/v2\/posts\/42\/revisions"}],"predecessor-version":[{"id":318,"href":"https:\/\/www.svu2000.org\/nemecko\/wp-json\/wp\/v2\/posts\/42\/revisions\/318"}],"wp:attachment":[{"href":"https:\/\/www.svu2000.org\/nemecko\/wp-json\/wp\/v2\/media?parent=42"}],"wp:term":[{"taxonomy":"category","embeddable":true,"href":"https:\/\/www.svu2000.org\/nemecko\/wp-json\/wp\/v2\/categories?post=42"},{"taxonomy":"post_tag","embeddable":true,"href":"https:\/\/www.svu2000.org\/nemecko\/wp-json\/wp\/v2\/tags?post=42"}],"curies":[{"name":"wp","href":"https:\/\/api.w.org\/{rel}","templated":true}]}}