{"id":455,"date":"2011-12-22T15:50:16","date_gmt":"2011-12-22T14:50:16","guid":{"rendered":"http:\/\/www.svu2000.org\/nemecko\/?p=455"},"modified":"2012-01-26T19:44:38","modified_gmt":"2012-01-26T18:44:38","slug":"akce-zari-2011","status":"publish","type":"post","link":"https:\/\/www.svu2000.org\/nemecko\/drivejsi\/2011\/akce-zari-2011\/","title":{"rendered":"Akce z\u00e1\u0159\u00ed 2011"},"content":{"rendered":"<p><img loading=\"lazy\" decoding=\"async\" class=\"aligncenter size-full wp-image-456\" title=\"Spole\u010dnost pro v\u011bdy a um\u011bn\u00ed v N\u011bmecku - pozv\u00e1nka na z\u00e1\u0159\u00ed 2011\" src=\"http:\/\/www.svu2000.org\/nemecko\/wp-content\/www_2011-09.jpg\" alt=\"Spole\u010dnost pro v\u011bdy a um\u011bn\u00ed v N\u011bmecku - pozv\u00e1nka na z\u00e1\u0159\u00ed 2011\" width=\"460\" height=\"199\" srcset=\"https:\/\/www.svu2000.org\/nemecko\/wp-content\/www_2011-09.jpg 460w, https:\/\/www.svu2000.org\/nemecko\/wp-content\/www_2011-09-300x129.jpg 300w\" sizes=\"auto, (max-width: 460px) 100vw, 460px\" \/><\/p>\n<p>Zaj\u00edmav\u00e9 popov\u00edd\u00e1n\u00ed a trocha filosofie o \u017eivotn\u00ed dr\u00e1ze p\u0159\u00edslu\u0161n\u00edka \u010desk\u00e9 &#8211; oni to ale zase tak\u00a0vyhran\u011bn\u011b nebrali &#8211;\u00a0katolick\u00e9 &#8211;\u00a0vych\u00e1z\u00edm z toho \u017ee ta protestantsk\u00e1 skon\u010dila na pob\u011blohorsk\u00e9m Starom\u011bstsk\u00e9m n\u00e1m\u011bst\u00ed &#8211; vy\u0161\u0161\u00ed \u0161lechty, kter\u00fd si svoje \u0161lechtictv\u00ed nikdy p\u0159\u00edli\u0161 neuv\u011bdomoval, proto\u017ee \u017eil dost ne\u0161lechtick\u00fd \u017eivot. Ileg\u00e1ln\u00ed odchod z \u010ceskoslovenska, kari\u00e9ra na akademick\u00e9 p\u016fd\u011b,\u00a0publicistika,\u00a0ale i t\u0159eba st\u0159ety s radikalizmem osma\u0161edes\u00e1tn\u00edk\u016f\u00a0\u00a0a to v\u0161e s nadhledem, kter\u00fd rodu Lobkowicz\u016f dala z\u0159ejm\u011b jeho\u00a0mnohosetlet\u00e1 historie.<\/p>\n<p><em>Karel Pokorn\u00fd<\/em><\/p>\n","protected":false},"excerpt":{"rendered":"<p>Zaj\u00edmav\u00e9 popov\u00edd\u00e1n\u00ed a trocha filosofie o \u017eivotn\u00ed dr\u00e1ze p\u0159\u00edslu\u0161n\u00edka \u010desk\u00e9 &#8211; oni to ale zase tak\u00a0vyhran\u011bn\u011b nebrali &#8211;\u00a0katolick\u00e9 &#8211;\u00a0vych\u00e1z\u00edm z toho \u017ee ta protestantsk\u00e1 skon\u010dila na pob\u011blohorsk\u00e9m Starom\u011bstsk\u00e9m n\u00e1m\u011bst\u00ed &#8211; vy\u0161\u0161\u00ed \u0161lechty, kter\u00fd si svoje \u0161lechtictv\u00ed nikdy p\u0159\u00edli\u0161 neuv\u011bdomoval, proto\u017ee <a href=\"https:\/\/www.svu2000.org\/nemecko\/drivejsi\/2011\/akce-zari-2011\/\" class=\"read-more\">Read More &#8230;<\/a><\/p>\n","protected":false},"author":9,"featured_media":0,"comment_status":"closed","ping_status":"closed","sticky":false,"template":"","format":"standard","meta":{"footnotes":""},"categories":[3],"tags":[],"class_list":["post-455","post","type-post","status-publish","format-standard","hentry","category-3"],"_links":{"self":[{"href":"https:\/\/www.svu2000.org\/nemecko\/wp-json\/wp\/v2\/posts\/455","targetHints":{"allow":["GET"]}}],"collection":[{"href":"https:\/\/www.svu2000.org\/nemecko\/wp-json\/wp\/v2\/posts"}],"about":[{"href":"https:\/\/www.svu2000.org\/nemecko\/wp-json\/wp\/v2\/types\/post"}],"author":[{"embeddable":true,"href":"https:\/\/www.svu2000.org\/nemecko\/wp-json\/wp\/v2\/users\/9"}],"replies":[{"embeddable":true,"href":"https:\/\/www.svu2000.org\/nemecko\/wp-json\/wp\/v2\/comments?post=455"}],"version-history":[{"count":9,"href":"https:\/\/www.svu2000.org\/nemecko\/wp-json\/wp\/v2\/posts\/455\/revisions"}],"predecessor-version":[{"id":627,"href":"https:\/\/www.svu2000.org\/nemecko\/wp-json\/wp\/v2\/posts\/455\/revisions\/627"}],"wp:attachment":[{"href":"https:\/\/www.svu2000.org\/nemecko\/wp-json\/wp\/v2\/media?parent=455"}],"wp:term":[{"taxonomy":"category","embeddable":true,"href":"https:\/\/www.svu2000.org\/nemecko\/wp-json\/wp\/v2\/categories?post=455"},{"taxonomy":"post_tag","embeddable":true,"href":"https:\/\/www.svu2000.org\/nemecko\/wp-json\/wp\/v2\/tags?post=455"}],"curies":[{"name":"wp","href":"https:\/\/api.w.org\/{rel}","templated":true}]}}