{"id":502,"date":"2011-12-22T13:55:50","date_gmt":"2011-12-22T12:55:50","guid":{"rendered":"http:\/\/www.svu2000.org\/nemecko\/?p=502"},"modified":"2012-01-26T19:44:52","modified_gmt":"2012-01-26T18:44:52","slug":"akce-rijen-2011-4","status":"publish","type":"post","link":"https:\/\/www.svu2000.org\/nemecko\/drivejsi\/2011\/akce-rijen-2011-4\/","title":{"rendered":"Akce \u0159\u00edjen 2011"},"content":{"rendered":"<p><strong>\u00a0T\u00e9ma <\/strong><strong>330. ve\u010dera v\u00a0\u00fater\u00fd\u00a0 11. \u0159\u00edjna 2011\u00a0 v 19,30 <sup>\u00a0\u00a0\u00a0<\/sup>hod.:<\/strong><\/p>\n<p>GRAFIK <strong>VLADIM\u00cdR BOUDN\u00cdK <\/strong><strong>\u00a0<\/strong><strong>\u201e<\/strong>N\u011a\u017dN\u00dd BARBAR<strong>\u201f <\/strong><strong>Bohumila Hrabala<\/strong><br \/>\n<strong>Uvede pan\u00ed Mgr. Eva \u010capkov\u00e1, histori\u010dka um\u011bn\u00ed, Mnichov<br \/>\n<\/strong><strong>\u00a0P<\/strong><em>\u0159edch\u00e1z\u00ed valn\u00e1 hromada SVU N\u011bmecko v 18 hodin \u2013 host\u00e9 v\u00edt\u00e1ni.<\/em><strong>\u25c4<\/strong><strong><br \/>\nKon\u00e1 se <\/strong><strong>v s\u00e1le \u010cESK\u00c9 KATOLICK\u00c9 MISIE \u2013 <\/strong><strong>VELEHRADU Mnichov,<br \/>\nDachauerstr. 23. IV. patro (s v\u00fdtahem)<\/strong><\/p>\n<p><strong>\u00a0Ve spolupr\u00e1ci s K\u0159es\u0165anskou akademi\u00ed.\u00a0\u00a0\u00a0\u00a0\u00a0<\/strong><\/p>\n<p><strong>\u00a0<em>Poznamenejte si: sch\u00e1z\u00edme\u00a0 se ka\u017ed\u00e9 druh\u00e9 \u00fater\u00fd\u00a0 v\u00a0m\u011bs\u00edci<\/em>.<\/strong><\/p>\n","protected":false},"excerpt":{"rendered":"<p>\u00a0T\u00e9ma 330. ve\u010dera v\u00a0\u00fater\u00fd\u00a0 11. \u0159\u00edjna 2011\u00a0 v 19,30 \u00a0\u00a0\u00a0hod.: GRAFIK VLADIM\u00cdR BOUDN\u00cdK \u00a0\u201eN\u011a\u017dN\u00dd BARBAR\u201f Bohumila Hrabala Uvede pan\u00ed Mgr. Eva \u010capkov\u00e1, histori\u010dka um\u011bn\u00ed, Mnichov \u00a0P\u0159edch\u00e1z\u00ed valn\u00e1 hromada SVU N\u011bmecko v 18 hodin \u2013 host\u00e9 v\u00edt\u00e1ni.\u25c4 Kon\u00e1 se v s\u00e1le <a href=\"https:\/\/www.svu2000.org\/nemecko\/drivejsi\/2011\/akce-rijen-2011-4\/\" class=\"read-more\">Read More &#8230;<\/a><\/p>\n","protected":false},"author":9,"featured_media":0,"comment_status":"closed","ping_status":"closed","sticky":false,"template":"","format":"standard","meta":{"footnotes":""},"categories":[3],"tags":[],"class_list":["post-502","post","type-post","status-publish","format-standard","hentry","category-3"],"_links":{"self":[{"href":"https:\/\/www.svu2000.org\/nemecko\/wp-json\/wp\/v2\/posts\/502","targetHints":{"allow":["GET"]}}],"collection":[{"href":"https:\/\/www.svu2000.org\/nemecko\/wp-json\/wp\/v2\/posts"}],"about":[{"href":"https:\/\/www.svu2000.org\/nemecko\/wp-json\/wp\/v2\/types\/post"}],"author":[{"embeddable":true,"href":"https:\/\/www.svu2000.org\/nemecko\/wp-json\/wp\/v2\/users\/9"}],"replies":[{"embeddable":true,"href":"https:\/\/www.svu2000.org\/nemecko\/wp-json\/wp\/v2\/comments?post=502"}],"version-history":[{"count":7,"href":"https:\/\/www.svu2000.org\/nemecko\/wp-json\/wp\/v2\/posts\/502\/revisions"}],"predecessor-version":[{"id":628,"href":"https:\/\/www.svu2000.org\/nemecko\/wp-json\/wp\/v2\/posts\/502\/revisions\/628"}],"wp:attachment":[{"href":"https:\/\/www.svu2000.org\/nemecko\/wp-json\/wp\/v2\/media?parent=502"}],"wp:term":[{"taxonomy":"category","embeddable":true,"href":"https:\/\/www.svu2000.org\/nemecko\/wp-json\/wp\/v2\/categories?post=502"},{"taxonomy":"post_tag","embeddable":true,"href":"https:\/\/www.svu2000.org\/nemecko\/wp-json\/wp\/v2\/tags?post=502"}],"curies":[{"name":"wp","href":"https:\/\/api.w.org\/{rel}","templated":true}]}}