{"id":512,"date":"2011-10-28T13:39:02","date_gmt":"2011-10-28T12:39:02","guid":{"rendered":"http:\/\/www.svu2000.org\/nemecko\/?p=512"},"modified":"2011-11-30T19:43:12","modified_gmt":"2011-11-30T18:43:12","slug":"akce-listopad-2011","status":"publish","type":"post","link":"https:\/\/www.svu2000.org\/nemecko\/drivejsi\/2011\/akce-listopad-2011\/","title":{"rendered":"Akce listopad 2011"},"content":{"rendered":"<p>&nbsp;<\/p>\n<p><a href=\"http:\/\/www.svu2000.org\/nemecko\/wp-content\/symposion_pro_www-34.jpg\"><img loading=\"lazy\" decoding=\"async\" class=\"aligncenter size-full wp-image-523\" title=\"symposion_pro_www-3\" src=\"http:\/\/www.svu2000.org\/nemecko\/wp-content\/symposion_pro_www-34.jpg\" alt=\"\" width=\"368\" height=\"504\" \/><\/a><\/p>\n<p>\u00a0<a href=\"http:\/\/www.svu2000.org\/nemecko\/wp-content\/Symposion_2011_a.jpg\"><img loading=\"lazy\" decoding=\"async\" class=\"aligncenter size-full wp-image-536\" title=\"Symposion_2011_a\" src=\"http:\/\/www.svu2000.org\/nemecko\/wp-content\/Symposion_2011_a.jpg\" alt=\"\" width=\"619\" height=\"192\" srcset=\"https:\/\/www.svu2000.org\/nemecko\/wp-content\/Symposion_2011_a.jpg 619w, https:\/\/www.svu2000.org\/nemecko\/wp-content\/Symposion_2011_a-300x93.jpg 300w\" sizes=\"auto, (max-width: 619px) 100vw, 619px\" \/><\/a><\/p>\n<p>Symposion se vyda\u0159il&#8230;<br \/>\nByl jsem po\u017e\u00e1d\u00e1n, abych n\u011bco napsal o na\u0161em Symposionu. Kdy\u017e jsi si to zava\u0159il, tak se taky k tomu postav. Jin\u00fd \u201epsavec\u201f nebyl po ruce a tak to \u2013 s trochou samochv\u00e1ly zkus\u00edm:<br \/>\nObsazen\u00ed bylo skv\u011bl\u00e9: &#8211; profesor t\u00e9 \u0161koly 4n\u00e1sobn\u00fd doktor\u00a0 Wolfgang Mastnak, prap\u016fvodem z \u010cech\u00a0 a jedna z absolventek Nina Voit\u00a0 &#8211; on na klav\u00edr a ona na klarinet p\u0159edvedli improvizaci ohlasu moravsk\u00fdch lidov\u00fdch\u00a0 p\u00edsn\u00ed v klasick\u00e9 tvorb\u011b \u2013 t\u0159eba u Jan\u00e1\u010dka. Ji\u0159\u00ed Pretschner p\u0159e\u010detl texty n\u011bkolika p\u00edsn\u00ed &#8211; kup\u0159. Zasvi\u0165 mi ty slunko zlat\u00e9, Moravo, Moravo, B\u00fdvali \u010cechov\u00e9 atd. ze sborn\u00edku z p\u0159edminul\u00e9ho stolet\u00ed \u2013 z roku 1898 v n\u00e1dhern\u00e9 staro\u010de\u0161tin\u011b. A Ji\u0159\u00ed Traxler, PhDr. pracuj\u00edc\u00ed jako v\u011bdeck\u00fd pracovn\u00edk na Akademii v\u011bd \u2013 ale tak\u00e9 je\u0161t\u011b po\u0159\u00e1d um\u011bleck\u00fd vedouc\u00ed skupiny Kontra (to se mus\u00edm pochlubit, kter\u00e1 za\u010d\u00ednala u mne v divadle \u201erampa\u201f)\u00a0 zazp\u00edval mnoho p\u00edsn\u00ed z rejst\u0159\u00edku P\u00eds\u0148ov\u00e9ho souboru Jana Jen\u00edka, ryt\u00ed\u0159e z Brat\u0159ic (1756 \u2013 1845).<br \/>\nD\u00edky V\u00e1m v\u0161em!<\/p>\n<p>L. Pavl\u00edk<\/p>\n","protected":false},"excerpt":{"rendered":"<p>&nbsp; \u00a0 Symposion se vyda\u0159il&#8230; Byl jsem po\u017e\u00e1d\u00e1n, abych n\u011bco napsal o na\u0161em Symposionu. Kdy\u017e jsi si to zava\u0159il, tak se taky k tomu postav. Jin\u00fd \u201epsavec\u201f nebyl po ruce a tak to \u2013 s trochou samochv\u00e1ly zkus\u00edm: Obsazen\u00ed bylo <a href=\"https:\/\/www.svu2000.org\/nemecko\/drivejsi\/2011\/akce-listopad-2011\/\" class=\"read-more\">Read More &#8230;<\/a><\/p>\n","protected":false},"author":9,"featured_media":0,"comment_status":"open","ping_status":"open","sticky":false,"template":"","format":"standard","meta":{"footnotes":""},"categories":[3],"tags":[],"class_list":["post-512","post","type-post","status-publish","format-standard","hentry","category-3"],"_links":{"self":[{"href":"https:\/\/www.svu2000.org\/nemecko\/wp-json\/wp\/v2\/posts\/512","targetHints":{"allow":["GET"]}}],"collection":[{"href":"https:\/\/www.svu2000.org\/nemecko\/wp-json\/wp\/v2\/posts"}],"about":[{"href":"https:\/\/www.svu2000.org\/nemecko\/wp-json\/wp\/v2\/types\/post"}],"author":[{"embeddable":true,"href":"https:\/\/www.svu2000.org\/nemecko\/wp-json\/wp\/v2\/users\/9"}],"replies":[{"embeddable":true,"href":"https:\/\/www.svu2000.org\/nemecko\/wp-json\/wp\/v2\/comments?post=512"}],"version-history":[{"count":12,"href":"https:\/\/www.svu2000.org\/nemecko\/wp-json\/wp\/v2\/posts\/512\/revisions"}],"predecessor-version":[{"id":590,"href":"https:\/\/www.svu2000.org\/nemecko\/wp-json\/wp\/v2\/posts\/512\/revisions\/590"}],"wp:attachment":[{"href":"https:\/\/www.svu2000.org\/nemecko\/wp-json\/wp\/v2\/media?parent=512"}],"wp:term":[{"taxonomy":"category","embeddable":true,"href":"https:\/\/www.svu2000.org\/nemecko\/wp-json\/wp\/v2\/categories?post=512"},{"taxonomy":"post_tag","embeddable":true,"href":"https:\/\/www.svu2000.org\/nemecko\/wp-json\/wp\/v2\/tags?post=512"}],"curies":[{"name":"wp","href":"https:\/\/api.w.org\/{rel}","templated":true}]}}