{"id":6,"date":"2007-12-04T09:51:11","date_gmt":"2007-12-04T08:51:11","guid":{"rendered":"http:\/\/www.svu2000.org\/deutschland\/?p=6"},"modified":"2011-03-20T21:46:28","modified_gmt":"2011-03-20T20:46:28","slug":"akce-zari-2007","status":"publish","type":"post","link":"https:\/\/www.svu2000.org\/nemecko\/drivejsi\/2007\/akce-zari-2007\/","title":{"rendered":"Akce z\u00e1\u0159\u00ed 2007"},"content":{"rendered":"<p>Leopold Graf Deym<\/p>\n<p>Z\u00e1mek Dra\u017ei\u010d\u00a0<\/p>\n<p>\u00a0| <a target=\"_blank\" href=\"http:\/\/www.svu2000.org\/calendar\/2007-09-Munich.pdf\" title=\"Pozv\u00e1nka na z\u00e1\u0159\u00ed\">Pozv\u00e1nka<\/a>\u00a0|<\/p>\n","protected":false},"excerpt":{"rendered":"<p>Leopold Graf Deym Z\u00e1mek Dra\u017ei\u010d\u00a0 \u00a0| Pozv\u00e1nka\u00a0|<\/p>\n","protected":false},"author":1,"featured_media":0,"comment_status":"closed","ping_status":"closed","sticky":false,"template":"","format":"standard","meta":{"footnotes":""},"categories":[12],"tags":[],"class_list":["post-6","post","type-post","status-publish","format-standard","hentry","category-12"],"_links":{"self":[{"href":"https:\/\/www.svu2000.org\/nemecko\/wp-json\/wp\/v2\/posts\/6","targetHints":{"allow":["GET"]}}],"collection":[{"href":"https:\/\/www.svu2000.org\/nemecko\/wp-json\/wp\/v2\/posts"}],"about":[{"href":"https:\/\/www.svu2000.org\/nemecko\/wp-json\/wp\/v2\/types\/post"}],"author":[{"embeddable":true,"href":"https:\/\/www.svu2000.org\/nemecko\/wp-json\/wp\/v2\/users\/1"}],"replies":[{"embeddable":true,"href":"https:\/\/www.svu2000.org\/nemecko\/wp-json\/wp\/v2\/comments?post=6"}],"version-history":[{"count":3,"href":"https:\/\/www.svu2000.org\/nemecko\/wp-json\/wp\/v2\/posts\/6\/revisions"}],"predecessor-version":[{"id":374,"href":"https:\/\/www.svu2000.org\/nemecko\/wp-json\/wp\/v2\/posts\/6\/revisions\/374"}],"wp:attachment":[{"href":"https:\/\/www.svu2000.org\/nemecko\/wp-json\/wp\/v2\/media?parent=6"}],"wp:term":[{"taxonomy":"category","embeddable":true,"href":"https:\/\/www.svu2000.org\/nemecko\/wp-json\/wp\/v2\/categories?post=6"},{"taxonomy":"post_tag","embeddable":true,"href":"https:\/\/www.svu2000.org\/nemecko\/wp-json\/wp\/v2\/tags?post=6"}],"curies":[{"name":"wp","href":"https:\/\/api.w.org\/{rel}","templated":true}]}}