{"id":63,"date":"2008-12-02T12:24:17","date_gmt":"2008-12-02T11:24:17","guid":{"rendered":"http:\/\/www.svu2000.org\/deutschland\/?p=63"},"modified":"2011-02-15T12:03:42","modified_gmt":"2011-02-15T11:03:42","slug":"akce-listopad-2008","status":"publish","type":"post","link":"https:\/\/www.svu2000.org\/nemecko\/drivejsi\/2008\/akce-listopad-2008\/","title":{"rendered":"Akce listopad 2008"},"content":{"rendered":"<p><span style=\"display: inline-block\" contentEditable=\"false\"><\/span><font size=\"3\"><span style=\"color: #333399; font-family: Arial\" lang=\"CS\"><\/span><\/font><font size=\"3\"><span style=\"color: #333399; font-family: Arial\" lang=\"CS\"><\/span><\/font><font size=\"3\"><span style=\"color: #333399; font-family: Arial\" lang=\"CS\"><\/p>\n<p align=\"center\" style=\"margin: 0cm 0cm 0pt; text-align: center\" class=\"MsoNormal\"><span style=\"color: #333399; font-family: Arial\" lang=\"CS\"><strong>SVU &#8211; \u010ceskoslovensk\u00e1 spole\u010dnost pro v\u011bdy a um\u011bn\u00ed Mnichov<\/strong><\/span><\/p>\n<p align=\"center\" style=\"margin: 0cm 0cm 0pt; text-align: center\" class=\"MsoNormal\"><span><font color=\"#000000\">ve spolupr\u00e1ci s <\/font><strong>Hochschule f\u00fcr Musik und Theater M\u00fcnchen<\/strong><\/span><span style=\"font-size: 10pt; font-family: Arial\"><\/span><\/p>\n<p align=\"center\" style=\"margin: 0cm 0cm 0pt; text-align: center\" class=\"MsoNormal\"><font color=\"#000000\"><span style=\"font-size: 11pt; font-family: Arial\" lang=\"CS\">zve<\/span><span style=\"font-size: 10pt; font-family: Arial\"><\/span><\/font><\/p>\n<p align=\"center\" style=\"margin: 0cm 0cm 0pt; text-align: center\" class=\"MsoNormal\"><font color=\"#000000\"><span style=\"font-size: 11pt; font-family: Arial\" lang=\"CS\">na sv\u00e9 listopadov\u00e9 setk\u00e1n\u00ed<span style=\"font-size: 11pt; font-family: Arial\" lang=\"CS\"> <\/span><\/span><span style=\"font-size: 10pt; font-family: Arial\"><\/span><\/font><\/p>\n<p align=\"center\" style=\"margin: 0cm 0cm 0pt; text-align: center\" class=\"MsoNormal\"><font color=\"#000000\"><span style=\"font-size: 11pt; text-transform: uppercase; font-family: Arial\" lang=\"CS\"><\/span><span style=\"font-size: 10pt; text-transform: uppercase; font-family: Arial\"><\/span><\/font><\/p>\n<p align=\"center\" style=\"margin: 0cm 0cm 0pt; text-align: center\" class=\"MsoNormal\"><span style=\"font-size: 11pt; text-transform: uppercase; font-family: Arial\"><strong><font color=\"#000000\">Symposion<\/font><\/strong><\/span><\/p>\n<p align=\"center\" style=\"margin: 0cm 0cm 0pt; text-align: center\" class=\"MsoNormal\"><span><strong><font color=\"#000000\">Hudbou a slovem<\/font><\/strong><\/span><\/p>\n<p align=\"center\" style=\"margin: 0cm 0cm 0pt; text-align: center\" class=\"MsoNormal\"><span><strong><font color=\"#000000\">o osudov\u00e9 osmi\u010dce v\u00a0\u010desk\u00e9 historii<\/font><\/strong><\/span><\/p>\n<p align=\"center\" style=\"margin: 0cm 0cm 0pt; text-align: center\" class=\"MsoNormal\"><font color=\"#000000\"><span style=\"font-size: 11pt; font-family: Arial\" lang=\"CS\"><\/span><span style=\"font-size: 10pt; font-family: Arial\"><\/span><\/font><\/p>\n<p align=\"center\" style=\"margin: 0cm 0cm 0pt; text-align: center\" class=\"MsoNormal\"><font color=\"#000000\"><span style=\"font-size: 11pt; font-family: Arial\" lang=\"CS\">U\u010dinkuj\u00ed: Veronika Braun, Christiane von Gorkom, Ji\u0159\u00ed Gruntor\u00e1d, Gudrun Hei<\/span><span style=\"font-size: 11pt; font-family: Arial\">\u00df<\/span><span style=\"font-size: 11pt; font-family: Arial\" lang=\"CS\">ig, Anegret Keller, Elisabeth L\u00f6ffler, Wolfgang Mastnak, Ladislav Pavl\u00edk, L\u00edda Raku\u0161anov\u00e1, Milan Schulz, Elisabeth Urban, Markus Weng<\/span><\/font><\/p>\n<p align=\"center\" style=\"margin: 0cm 0cm 0pt; text-align: center\" class=\"MsoNormal\"><span style=\"font-size: 11pt; font-family: Arial\" lang=\"CS\"><\/span><\/p>\n<p align=\"center\" style=\"margin: 0cm 0cm 0pt; text-align: center\" class=\"MsoNormal\"><font color=\"#000000\"><span style=\"font-size: 11pt; font-family: Arial\" lang=\"CS\">v \u00fater\u00fd, 11. listopadu 2008,\u00a019 hod. <\/span><span style=\"font-size: 10pt; font-family: Arial\" lang=\"CS\"><\/span><\/font><\/p>\n<p align=\"center\" style=\"margin: 0cm 0cm 0pt; text-align: center\" class=\"MsoNormal\"><span style=\"font-size: 11pt; font-family: Arial\" lang=\"CS\"><font color=\"#000000\">ve velk\u00e9m\u00a0s\u00e1le Hochschule f\u00fcr Musik und Theater <\/font><\/span><\/p>\n<p align=\"center\" style=\"margin: 0cm 0cm 0pt; text-align: center\" class=\"MsoNormal\"><font color=\"#000000\"><span style=\"font-size: 11pt; font-family: Arial\" lang=\"CS\">Arcisstr. 12, M\u00fcnchen (U-Bahn K<\/span><span style=\"font-size: 11pt; font-family: Arial\">\u00f6nigsplatz<\/span><span style=\"font-size: 11pt; font-family: Arial\" lang=\"CS\">)<\/span><span style=\"font-size: 10pt; font-family: Arial\" lang=\"CS\"><\/span><\/font><\/p>\n<p align=\"center\" style=\"margin: 0cm 0cm 0pt; text-align: center\" class=\"MsoNormal\"><font color=\"#000000\"><span style=\"font-size: 11pt; font-family: Arial\" lang=\"CS\">Vstup voln\u00fd<\/span><span style=\"font-size: 10pt; font-family: Arial\" lang=\"CS\"><\/span><\/font><\/p>\n<p style=\"margin: 0cm 0cm 0pt\" class=\"MsoNormal\"><font color=\"#000000\"><span style=\"font-size: 11pt; font-family: Arial\" lang=\"CS\"><\/span><span style=\"font-size: 10pt; font-family: Arial\" lang=\"CS\"><\/span><\/font><\/p>\n<p style=\"margin: 0cm 0cm 0pt\" class=\"MsoNormal\"><font color=\"#000000\"><span style=\"font-size: 11pt; font-family: Arial\" lang=\"CS\">Na shledanou se t\u011b\u0161\u00ed<\/span><span style=\"font-size: 10pt; font-family: Arial\" lang=\"CS\"><\/span><\/font><\/p>\n<p style=\"margin: 0cm 0cm 0pt\" class=\"MsoNormal\"><span style=\"font-size: 11pt; font-family: Arial\" lang=\"CS\"><font color=\"#000000\">SVU Mnichov<\/font><\/span><\/p>\n<p style=\"margin: 0cm 0cm 0pt\" class=\"MsoNormal\"><span style=\"font-size: 11pt; font-family: Arial\"><\/span><\/p>\n<p style=\"margin: 0cm 0cm 0pt\" class=\"MsoNormal\"><span style=\"font-family: Arial\"><\/span><\/p>\n<p style=\"margin: 0cm 0cm 0pt\" class=\"MsoNormal\"><span style=\"font-family: Arial\"><\/span><\/p>\n<p align=\"center\" style=\"margin: 0cm 0cm 0pt; text-align: center\" class=\"MsoNormal\"><font color=\"#000000\"><span style=\"font-size: 11pt; font-family: Arial\" lang=\"CS\">_________________________________________________<\/span><span style=\"font-size: 10pt; font-family: Arial\"><\/span><\/font><\/p>\n<p align=\"center\" style=\"margin: 0cm 0cm 0pt; text-align: center\" class=\"MsoNormal\"><span style=\"font-size: 11pt; color: #333399; font-family: Arial\" lang=\"CS\"><\/span><\/p>\n<p align=\"center\" style=\"margin: 0cm 0cm 0pt; text-align: center\" class=\"MsoNormal\"><span><\/span><\/p>\n<p align=\"center\" style=\"margin: 0cm 0cm 0pt; text-align: center\" class=\"MsoNormal\"><span><strong>SVU \u2013 Die Tschechoslowakische Gesellschaft f\u00fcr Wissenschaft und Kunst M\u00fcnchen<\/strong><\/span><\/p>\n<p align=\"center\" style=\"margin: 0cm 0cm 0pt; text-align: center\" class=\"MsoNormal\"><span style=\"font-size: 11pt; font-family: Arial\" lang=\"CS\"><font color=\"#000000\">zusammen mit der <\/font><\/span><\/p>\n<p align=\"center\" style=\"margin: 0cm 0cm 0pt; text-align: center\" class=\"MsoNormal\"><span><strong>Hochschule f\u00fcr Musik und Theater M\u00fcnchen<\/strong><\/span><\/p>\n<p align=\"center\" style=\"margin: 0cm 0cm 0pt; text-align: center\" class=\"MsoNormal\"><span style=\"font-size: 10pt; font-family: Arial\"><\/span><\/p>\n<p align=\"center\" style=\"margin: 0cm 0cm 0pt; text-align: center\" class=\"MsoNormal\"><font color=\"#000000\"><span style=\"font-size: 11pt; font-family: Arial\" lang=\"CS\">l\u00e4dt ein<\/span><span style=\"font-size: 10pt; font-family: Arial\"><\/span><\/font><\/p>\n<p align=\"center\" style=\"margin: 0cm 0cm 0pt; text-align: center\" class=\"MsoNormal\"><span style=\"font-size: 11pt; font-family: Arial\" lang=\"CS\"><font color=\"#000000\">zu ihrer November-Begegnung<\/font><\/span><\/p>\n<p align=\"center\" style=\"margin: 0cm 0cm 0pt; text-align: center\" class=\"MsoNormal\"><font color=\"#000000\"><span style=\"font-size: 11pt; font-family: Arial\" lang=\"CS\">(in deutscher\/tschechischer Sprache mit jeweiliger \u00dcbersetzung)<\/span><span style=\"font-size: 10pt; font-family: Arial\"><\/span><\/font><\/p>\n<p align=\"center\" style=\"margin: 0cm 0cm 0pt; text-align: center\" class=\"MsoNormal\"><font color=\"#000000\"><span style=\"font-size: 11pt; font-family: Arial\" lang=\"CS\"><\/span><span style=\"font-size: 10pt; font-family: Arial\"><\/span><\/font><\/p>\n<p align=\"center\" style=\"margin: 0cm 0cm 0pt; text-align: center\" class=\"MsoNormal\"><span style=\"font-size: 11pt; text-transform: uppercase; font-family: Arial\"><strong><font color=\"#000000\">Symposion<\/font><\/strong><\/span><\/p>\n<p align=\"center\" style=\"margin: 0cm 0cm 0pt; text-align: center\" class=\"MsoNormal\"><span><strong><font color=\"#000000\">Musik<span style=\"text-transform: uppercase\"> <\/span>und Wort<\/font><\/strong><\/span><\/p>\n<p align=\"center\" style=\"margin: 0cm 0cm 0pt; text-align: center\" class=\"MsoNormal\"><span style=\"font-size: 11pt; font-family: Arial\"><strong><font color=\"#000000\">\u00fcber die schicksalhafte Acht in der tschechischen Geschichte<\/font><\/strong><\/span><\/p>\n<p align=\"center\" style=\"margin: 0cm 0cm 0pt; text-align: center\" class=\"MsoNormal\"><font color=\"#000000\"><span style=\"font-size: 11pt; font-family: Arial\" lang=\"CS\"><\/span><span style=\"font-size: 10pt; font-family: Arial\"><\/span><\/font><\/p>\n<p align=\"center\" style=\"margin: 0cm 0cm 0pt; text-align: center\" class=\"MsoNormal\"><font color=\"#000000\"><span style=\"font-size: 11pt; font-family: Arial\" lang=\"CS\">Mitwirkende: Veronika Braun, Christiane von Gorkom, Ji\u0159\u00ed Gruntor\u00e1d, Gudrun Hei<\/span><span style=\"font-size: 11pt; font-family: Arial\">\u00df<\/span><span style=\"font-size: 11pt; font-family: Arial\" lang=\"CS\">ig, Anegret Keller, Elisabeth L\u00f6ffler, Wolfgang Mastnak, Ladislav Pavl\u00edk, L\u00edda Raku\u0161anov\u00e1, Milan Schulz, Elisabeth Urban, Markus Weng<\/span><\/font><\/p>\n<p align=\"center\" style=\"margin: 0cm 0cm 0pt; text-align: center\" class=\"MsoNormal\"><font color=\"#000000\"><span style=\"font-size: 11pt; font-family: Arial\" lang=\"CS\"><\/span><span style=\"font-size: 10pt; font-family: Arial\"><\/span><\/font><\/p>\n<p align=\"center\" style=\"margin: 0cm 0cm 0pt; text-align: center\" class=\"MsoNormal\"><span style=\"font-size: 11pt; font-family: Arial\" lang=\"CS\"><font color=\"#000000\">Dienstag, den 11. November 2008, 19 Uhr<\/font><\/span><\/p>\n<p align=\"center\" style=\"margin: 0cm 0cm 0pt; text-align: center\" class=\"MsoNormal\"><span style=\"font-size: 11pt; font-family: Arial\" lang=\"CS\"><font color=\"#000000\">im gro\u00dfen Saal der Hochschule f\u00fcr Musik und Theater, <\/font><\/span><\/p>\n<p align=\"center\" style=\"margin: 0cm 0cm 0pt; text-align: center\" class=\"MsoNormal\"><font color=\"#000000\"><span style=\"font-size: 11pt; font-family: Arial\" lang=\"CS\">Arcisstr. 12, M\u00fcnchen (U-Bahn K<\/span><span style=\"font-size: 11pt; font-family: Arial\">\u00f6nigsplatz<\/span><span style=\"font-size: 11pt; font-family: Arial\" lang=\"CS\">)<\/span><span style=\"font-size: 10pt; font-family: Arial\" lang=\"CS\"><\/span><\/font><\/p>\n<p align=\"center\" style=\"margin: 0cm 0cm 0pt; text-align: center\" class=\"MsoNormal\"><font color=\"#000000\"><span style=\"font-size: 11pt; font-family: Arial\" lang=\"CS\">Eintritt frei<\/span><span style=\"font-size: 10pt; font-family: Arial\"><\/span><\/font><\/p>\n<p style=\"margin: 0cm 0cm 0pt\" class=\"MsoNormal\"><font color=\"#000000\"><span style=\"font-size: 11pt; font-family: Arial\" lang=\"CS\"><\/span><span style=\"font-size: 10pt; font-family: Arial\"><\/span><\/font><\/p>\n<p style=\"margin: 0cm 0cm 0pt\" class=\"MsoNormal\"><font color=\"#000000\"><span style=\"font-size: 11pt; font-family: Arial\" lang=\"CS\">Auf ein Wiedersehen freut sich<\/span><span style=\"font-size: 10pt; font-family: Arial\"><\/span><\/font><\/p>\n<p style=\"margin: 0cm 0cm 0pt\" class=\"MsoNormal\"><span style=\"font-size: 11pt; font-family: Arial\" lang=\"CS\"><font color=\"#000000\">die SVU M\u00fcnchen<\/font><\/span><\/p>\n<p style=\"margin: 0cm 0cm 0pt\" class=\"MsoNormal\"><span style=\"font-size: 10pt; font-family: Arial\"><\/span><\/p>\n<p style=\"margin: 0cm 0cm 0pt\" class=\"MsoNormal\"><span style=\"font-size: 11pt; color: black; font-family: Arial\"><\/span><\/p>\n<p><\/span><\/font><\/p>\n<hr style=\"margin-top: 10px\" \/><strong>AOL eMail auf Ihrem Handy!<\/strong>Ab sofort k\u00f6nnen Sie auch unterwegs Ihre AOL email abrufen. <a target=\"_blank\" href=\"http:\/\/www.aol.de\/Webmail\/\" title=\"http:\/\/www.aol.de\/Webmail\/\">Registrieren<\/a> Sie sich jetzt kostenlos.<\/p>\n","protected":false},"excerpt":{"rendered":"<p>SVU &#8211; \u010ceskoslovensk\u00e1 spole\u010dnost pro v\u011bdy a um\u011bn\u00ed Mnichov ve spolupr\u00e1ci s Hochschule f\u00fcr Musik und Theater M\u00fcnchen zve na sv\u00e9 listopadov\u00e9 setk\u00e1n\u00ed Symposion Hudbou a slovem o osudov\u00e9 osmi\u010dce v\u00a0\u010desk\u00e9 historii U\u010dinkuj\u00ed: Veronika Braun, Christiane von Gorkom, Ji\u0159\u00ed Gruntor\u00e1d, <a href=\"https:\/\/www.svu2000.org\/nemecko\/drivejsi\/2008\/akce-listopad-2008\/\" class=\"read-more\">Read More &#8230;<\/a><\/p>\n","protected":false},"author":9,"featured_media":0,"comment_status":"closed","ping_status":"closed","sticky":false,"template":"","format":"standard","meta":{"footnotes":""},"categories":[11],"tags":[],"class_list":["post-63","post","type-post","status-publish","format-standard","hentry","category-11"],"_links":{"self":[{"href":"https:\/\/www.svu2000.org\/nemecko\/wp-json\/wp\/v2\/posts\/63","targetHints":{"allow":["GET"]}}],"collection":[{"href":"https:\/\/www.svu2000.org\/nemecko\/wp-json\/wp\/v2\/posts"}],"about":[{"href":"https:\/\/www.svu2000.org\/nemecko\/wp-json\/wp\/v2\/types\/post"}],"author":[{"embeddable":true,"href":"https:\/\/www.svu2000.org\/nemecko\/wp-json\/wp\/v2\/users\/9"}],"replies":[{"embeddable":true,"href":"https:\/\/www.svu2000.org\/nemecko\/wp-json\/wp\/v2\/comments?post=63"}],"version-history":[{"count":2,"href":"https:\/\/www.svu2000.org\/nemecko\/wp-json\/wp\/v2\/posts\/63\/revisions"}],"predecessor-version":[{"id":329,"href":"https:\/\/www.svu2000.org\/nemecko\/wp-json\/wp\/v2\/posts\/63\/revisions\/329"}],"wp:attachment":[{"href":"https:\/\/www.svu2000.org\/nemecko\/wp-json\/wp\/v2\/media?parent=63"}],"wp:term":[{"taxonomy":"category","embeddable":true,"href":"https:\/\/www.svu2000.org\/nemecko\/wp-json\/wp\/v2\/categories?post=63"},{"taxonomy":"post_tag","embeddable":true,"href":"https:\/\/www.svu2000.org\/nemecko\/wp-json\/wp\/v2\/tags?post=63"}],"curies":[{"name":"wp","href":"https:\/\/api.w.org\/{rel}","templated":true}]}}