{"id":65,"date":"2008-12-01T19:26:16","date_gmt":"2008-12-01T18:26:16","guid":{"rendered":"http:\/\/www.svu2000.org\/deutschland\/?p=65"},"modified":"2011-02-15T11:55:40","modified_gmt":"2011-02-15T10:55:40","slug":"akce-prosinec-2008","status":"publish","type":"post","link":"https:\/\/www.svu2000.org\/nemecko\/drivejsi\/2008\/akce-prosinec-2008\/","title":{"rendered":"Akce prosinec 2008"},"content":{"rendered":"<p><a href=\"http:\/\/www.svu2000.org\/nemecko\/wp-content\/2008-12.jpg\" title=\"2008-12.jpg\"><img decoding=\"async\" src=\"http:\/\/www.svu2000.org\/nemecko\/wp-content\/2008-12.jpg\" alt=\"2008-12.jpg\" \/><\/a><\/p>\n<p><span><span style=\"font-weight: normal; font-size: 16pt\" lang=\"CS\"><span style=\"font-weight: normal; font-size: 10pt\" lang=\"CS\"><font face=\"Arial\">V\u00e1noce s\u00a0pan\u00ed Eli\u0161kou Cikl jsou ji\u017e mnohaletou tradic\u00ed. Kouzlo v\u0161ehochuti, kter\u00e9 p\u016fsob\u00ed jako improvizace pr\u00e1v\u011b vymy\u0161len\u00fdch pov\u00eddek, muzik\u00e1ln\u00edch vlo\u017eek, osobn\u00edch pro\u017eitk\u016f<span>\u00a0 <\/span>&#8211; je jej\u00edm tajemstv\u00edm. <\/font><\/span><span style=\"font-weight: normal; font-size: 10pt\" lang=\"CS\"><font face=\"Arial\">Obejvuj\u00ed se spolutv\u016frci<span>\u00a0 <\/span>jako kdyby pr\u00e1v\u011b te\u010f \u201ep\u0159i\u0161li pobejt\u201c. <\/font><\/span><span style=\"font-weight: normal; font-size: 10pt\" lang=\"CS\"><font face=\"Arial\">Ale bez nich by to ne\u0161lo! <\/font><\/span><span style=\"font-weight: normal; font-size: 10pt\" lang=\"CS\"><font face=\"Arial\">Tak na kytaru zahr\u00e1l Jan \u0160algovi\u010d junior, post\u0159ehy z\u00a0cest od Oty Ul\u010de a Ivana Cikla p\u0159e\u010detl Jirka Pretschner s\u00a0pan\u00ed Eli\u0161kou. Otec Sl\u00e1vek vypr\u00e1v\u011bl, jak vznikl adventn\u00ed v\u011bnec. L\u00e1\u010fa Pavl\u00edk p\u0159edvedl ozvu\u010den\u00fd diaseri\u00e1l o Bollym, \u010derven\u00e9m slonu, dvouru\u010dn\u011b zahr\u00e1li n\u011bkolik klasick\u00fdch skladeb Wolfgang Mast\u0148\u00e1k a Ani\u010dka Karelov\u00e1. Pan\u00ed Heissigov\u00e1 vypr\u00e1v\u011bla jak pro\u017e\u00edvala jako mal\u00e1 hol\u010di\u010dka v\u00e1noce v\u00a0pokrani\u010d\u00ed. Kate\u0159ina Stegemannov\u00e1 pot\u011b\u0161ila mistrovskou hrou na fl\u00e9tnu.<\/font><\/span><span style=\"font-weight: normal; font-size: 10pt\" lang=\"CS\"><font face=\"Arial\">Na z\u00e1v\u011br, kter\u00fd trval a\u017e dlouho do noci, si v\u0161ichni zazp\u00edvali koledy a posed\u011bli v\u00a0hezk\u00e9m pohovoru.<\/font><\/span><span style=\"font-weight: normal; font-size: 10pt\" lang=\"CS\"><font face=\"Arial\">\u00a0<\/font><\/span><\/span><\/span><span><span style=\"font-weight: normal; font-size: 16pt\" lang=\"CS\"><span style=\"font-weight: normal; font-size: 10pt\" lang=\"CS\"><span style=\"font-size: 10pt\" lang=\"CS\"><strong><font face=\"Arial\">P\u00edk<\/font><\/strong><\/span><\/span><\/span><\/span><\/p>\n","protected":false},"excerpt":{"rendered":"<p>V\u00e1noce s\u00a0pan\u00ed Eli\u0161kou Cikl jsou ji\u017e mnohaletou tradic\u00ed. Kouzlo v\u0161ehochuti, kter\u00e9 p\u016fsob\u00ed jako improvizace pr\u00e1v\u011b vymy\u0161len\u00fdch pov\u00eddek, muzik\u00e1ln\u00edch vlo\u017eek, osobn\u00edch pro\u017eitk\u016f\u00a0 &#8211; je jej\u00edm tajemstv\u00edm. Obejvuj\u00ed se spolutv\u016frci\u00a0 jako kdyby pr\u00e1v\u011b te\u010f \u201ep\u0159i\u0161li pobejt\u201c. Ale bez nich by to ne\u0161lo! <a href=\"https:\/\/www.svu2000.org\/nemecko\/drivejsi\/2008\/akce-prosinec-2008\/\" class=\"read-more\">Read More &#8230;<\/a><\/p>\n","protected":false},"author":9,"featured_media":0,"comment_status":"closed","ping_status":"closed","sticky":false,"template":"","format":"standard","meta":{"footnotes":""},"categories":[11],"tags":[],"class_list":["post-65","post","type-post","status-publish","format-standard","hentry","category-11"],"_links":{"self":[{"href":"https:\/\/www.svu2000.org\/nemecko\/wp-json\/wp\/v2\/posts\/65","targetHints":{"allow":["GET"]}}],"collection":[{"href":"https:\/\/www.svu2000.org\/nemecko\/wp-json\/wp\/v2\/posts"}],"about":[{"href":"https:\/\/www.svu2000.org\/nemecko\/wp-json\/wp\/v2\/types\/post"}],"author":[{"embeddable":true,"href":"https:\/\/www.svu2000.org\/nemecko\/wp-json\/wp\/v2\/users\/9"}],"replies":[{"embeddable":true,"href":"https:\/\/www.svu2000.org\/nemecko\/wp-json\/wp\/v2\/comments?post=65"}],"version-history":[{"count":3,"href":"https:\/\/www.svu2000.org\/nemecko\/wp-json\/wp\/v2\/posts\/65\/revisions"}],"predecessor-version":[{"id":312,"href":"https:\/\/www.svu2000.org\/nemecko\/wp-json\/wp\/v2\/posts\/65\/revisions\/312"}],"wp:attachment":[{"href":"https:\/\/www.svu2000.org\/nemecko\/wp-json\/wp\/v2\/media?parent=65"}],"wp:term":[{"taxonomy":"category","embeddable":true,"href":"https:\/\/www.svu2000.org\/nemecko\/wp-json\/wp\/v2\/categories?post=65"},{"taxonomy":"post_tag","embeddable":true,"href":"https:\/\/www.svu2000.org\/nemecko\/wp-json\/wp\/v2\/tags?post=65"}],"curies":[{"name":"wp","href":"https:\/\/api.w.org\/{rel}","templated":true}]}}