{"id":657,"date":"2012-02-20T19:24:14","date_gmt":"2012-02-20T18:24:14","guid":{"rendered":"http:\/\/www.svu2000.org\/nemecko\/?p=657"},"modified":"2012-05-10T18:36:35","modified_gmt":"2012-05-10T17:36:35","slug":"akce-brezen-2012","status":"publish","type":"post","link":"https:\/\/www.svu2000.org\/nemecko\/drivejsi\/2012\/akce-brezen-2012\/","title":{"rendered":"Akce b\u0159ezen 2012"},"content":{"rendered":"<p><a href=\"http:\/\/www.svu2000.org\/nemecko\/wp-content\/2012-03-13_www1.jpg\"><img loading=\"lazy\" decoding=\"async\" class=\"alignleft size-full wp-image-658\" title=\"2012-03-13_www\" src=\"http:\/\/www.svu2000.org\/nemecko\/wp-content\/2012-03-13_www1.jpg\" alt=\"\" width=\"460\" height=\"205\" srcset=\"https:\/\/www.svu2000.org\/nemecko\/wp-content\/2012-03-13_www1.jpg 460w, https:\/\/www.svu2000.org\/nemecko\/wp-content\/2012-03-13_www1-300x133.jpg 300w\" sizes=\"auto, (max-width: 460px) 100vw, 460px\" \/><\/a><\/p>\n<p>V \u010cesk\u00e9 republice je je v provozu 59 profesion\u00e1ln\u00edch \u010dinohern\u00edch divadel,\u00a0z toho kolem t\u0159iceti jen v Praze a ty z jej\u00edho hlediska nejzaj\u00edmav\u011bj\u0161\u00ed pan\u00ed profesorka Mor\u00e1vkov\u00e1\u00a0p\u0159edstavila, p\u0159idala i trochu &#8222;insidersk\u00e9ho&#8220; pozorov\u00e1n\u00ed a znalost\u00ed,\u00a0ani\u017e by opustila pozici zcela neutr\u00e1ln\u00ed referentky, kterou si zachovala i b\u011bhem oblig\u00e1tn\u00edho n\u00e1\u0159ku poslucha\u010d\u016f nad sou\u010dastnou modernizac\u00ed klasick\u00fdch her.\u00a0Informativn\u00ed a\u00a0velice p\u0159\u00edjemn\u00fd ve\u010der v neposledn\u00ed\u00a0\u0159ad\u011b i proto, \u017ee pan\u00ed profesorka p\u0159edn\u00e1\u0161et um\u00ed.<\/p>\n<p><em>Karel Pokorn\u00fd<\/em><\/p>\n","protected":false},"excerpt":{"rendered":"<p>V \u010cesk\u00e9 republice je je v provozu 59 profesion\u00e1ln\u00edch \u010dinohern\u00edch divadel,\u00a0z toho kolem t\u0159iceti jen v Praze a ty z jej\u00edho hlediska nejzaj\u00edmav\u011bj\u0161\u00ed pan\u00ed profesorka Mor\u00e1vkov\u00e1\u00a0p\u0159edstavila, p\u0159idala i trochu &#8222;insidersk\u00e9ho&#8220; pozorov\u00e1n\u00ed a znalost\u00ed,\u00a0ani\u017e by opustila pozici zcela neutr\u00e1ln\u00ed referentky, kterou <a href=\"https:\/\/www.svu2000.org\/nemecko\/drivejsi\/2012\/akce-brezen-2012\/\" class=\"read-more\">Read More &#8230;<\/a><\/p>\n","protected":false},"author":9,"featured_media":0,"comment_status":"closed","ping_status":"closed","sticky":false,"template":"","format":"standard","meta":{"footnotes":""},"categories":[14],"tags":[],"class_list":["post-657","post","type-post","status-publish","format-standard","hentry","category-14"],"_links":{"self":[{"href":"https:\/\/www.svu2000.org\/nemecko\/wp-json\/wp\/v2\/posts\/657","targetHints":{"allow":["GET"]}}],"collection":[{"href":"https:\/\/www.svu2000.org\/nemecko\/wp-json\/wp\/v2\/posts"}],"about":[{"href":"https:\/\/www.svu2000.org\/nemecko\/wp-json\/wp\/v2\/types\/post"}],"author":[{"embeddable":true,"href":"https:\/\/www.svu2000.org\/nemecko\/wp-json\/wp\/v2\/users\/9"}],"replies":[{"embeddable":true,"href":"https:\/\/www.svu2000.org\/nemecko\/wp-json\/wp\/v2\/comments?post=657"}],"version-history":[{"count":8,"href":"https:\/\/www.svu2000.org\/nemecko\/wp-json\/wp\/v2\/posts\/657\/revisions"}],"predecessor-version":[{"id":697,"href":"https:\/\/www.svu2000.org\/nemecko\/wp-json\/wp\/v2\/posts\/657\/revisions\/697"}],"wp:attachment":[{"href":"https:\/\/www.svu2000.org\/nemecko\/wp-json\/wp\/v2\/media?parent=657"}],"wp:term":[{"taxonomy":"category","embeddable":true,"href":"https:\/\/www.svu2000.org\/nemecko\/wp-json\/wp\/v2\/categories?post=657"},{"taxonomy":"post_tag","embeddable":true,"href":"https:\/\/www.svu2000.org\/nemecko\/wp-json\/wp\/v2\/tags?post=657"}],"curies":[{"name":"wp","href":"https:\/\/api.w.org\/{rel}","templated":true}]}}