{"id":665,"date":"2012-03-29T22:08:57","date_gmt":"2012-03-29T21:08:57","guid":{"rendered":"http:\/\/www.svu2000.org\/nemecko\/?p=665"},"modified":"2012-05-10T18:36:13","modified_gmt":"2012-05-10T17:36:13","slug":"akce-duben-2012","status":"publish","type":"post","link":"https:\/\/www.svu2000.org\/nemecko\/drivejsi\/2012\/akce-duben-2012\/","title":{"rendered":"Akce duben 2012"},"content":{"rendered":"<p><a href=\"http:\/\/www.svu2000.org\/nemecko\/wp-content\/web_337.duben_1.jpg\"><img loading=\"lazy\" decoding=\"async\" class=\"alignleft size-full wp-image-670\" title=\"web_337.duben\" src=\"http:\/\/www.svu2000.org\/nemecko\/wp-content\/web_337.duben_1.jpg\" alt=\"\" width=\"460\" height=\"221\" \/><\/a><\/p>\n<div><em>V\u00fdborn\u011b nav\u0161t\u00edven\u00e1 dubnov\u00e1 p\u0159edn\u00e1\u0161ka byla vtipn\u00fdm pr\u016f\u0159ezem evropskou<\/em><br \/>\n<em> pr\u00e1vn\u00ed histori\u00ed s d\u016frazem na pr\u00e1vn\u00ed historii zem\u00ed koruny \u010desk\u00e9. Facitem ve\u010dera<\/em><br \/>\n<em> pak byl ur\u010dit\u00fd deficit, kter\u00fd \u010desk\u00e9 pr\u00e1vn\u00ed prost\u0159ed\u00ed v\u016f\u010di zem\u00edm st\u0159edn\u00ed a<\/em><br \/>\n<em> z\u00e1padn\u00ed Evropy odjak\u017eiva vykazovalo. Na t\u00e9to skute\u010dnosti se mnoho nezm\u011bnilo<\/em><br \/>\n<em> dodnes, d\u016fsledkem t\u00e9to skute\u010dnosti z\u016fst\u00e1v\u00e1 ur\u010dit\u00e1 antipatie ob\u010dan\u016f \u010cesk\u00e9<\/em><br \/>\n<em> republiky v\u016f\u010di pr\u00e1vu jako takov\u00e9mu. Referentova lehkost v posuzov\u00e1n\u00ed pr\u00e1vn\u00edch<\/em><br \/>\n<em> historick\u00fdch i sou\u010dastn\u00fdch situac\u00ed usnadnila i p\u0159\u00edtomn\u00fdm laik\u016fm<\/em><br \/>\n<em> jejich objektivn\u00ed posouzen\u00ed. <\/em><\/div>\n<div><em>Jitka Scholz<\/em><\/div>\n","protected":false},"excerpt":{"rendered":"<p>V\u00fdborn\u011b nav\u0161t\u00edven\u00e1 dubnov\u00e1 p\u0159edn\u00e1\u0161ka byla vtipn\u00fdm pr\u016f\u0159ezem evropskou pr\u00e1vn\u00ed histori\u00ed s d\u016frazem na pr\u00e1vn\u00ed historii zem\u00ed koruny \u010desk\u00e9. Facitem ve\u010dera pak byl ur\u010dit\u00fd deficit, kter\u00fd \u010desk\u00e9 pr\u00e1vn\u00ed prost\u0159ed\u00ed v\u016f\u010di zem\u00edm st\u0159edn\u00ed a z\u00e1padn\u00ed Evropy odjak\u017eiva vykazovalo. Na t\u00e9to skute\u010dnosti se <a href=\"https:\/\/www.svu2000.org\/nemecko\/drivejsi\/2012\/akce-duben-2012\/\" class=\"read-more\">Read More &#8230;<\/a><\/p>\n","protected":false},"author":9,"featured_media":0,"comment_status":"closed","ping_status":"closed","sticky":false,"template":"","format":"standard","meta":{"footnotes":""},"categories":[14],"tags":[],"class_list":["post-665","post","type-post","status-publish","format-standard","hentry","category-14"],"_links":{"self":[{"href":"https:\/\/www.svu2000.org\/nemecko\/wp-json\/wp\/v2\/posts\/665","targetHints":{"allow":["GET"]}}],"collection":[{"href":"https:\/\/www.svu2000.org\/nemecko\/wp-json\/wp\/v2\/posts"}],"about":[{"href":"https:\/\/www.svu2000.org\/nemecko\/wp-json\/wp\/v2\/types\/post"}],"author":[{"embeddable":true,"href":"https:\/\/www.svu2000.org\/nemecko\/wp-json\/wp\/v2\/users\/9"}],"replies":[{"embeddable":true,"href":"https:\/\/www.svu2000.org\/nemecko\/wp-json\/wp\/v2\/comments?post=665"}],"version-history":[{"count":10,"href":"https:\/\/www.svu2000.org\/nemecko\/wp-json\/wp\/v2\/posts\/665\/revisions"}],"predecessor-version":[{"id":695,"href":"https:\/\/www.svu2000.org\/nemecko\/wp-json\/wp\/v2\/posts\/665\/revisions\/695"}],"wp:attachment":[{"href":"https:\/\/www.svu2000.org\/nemecko\/wp-json\/wp\/v2\/media?parent=665"}],"wp:term":[{"taxonomy":"category","embeddable":true,"href":"https:\/\/www.svu2000.org\/nemecko\/wp-json\/wp\/v2\/categories?post=665"},{"taxonomy":"post_tag","embeddable":true,"href":"https:\/\/www.svu2000.org\/nemecko\/wp-json\/wp\/v2\/tags?post=665"}],"curies":[{"name":"wp","href":"https:\/\/api.w.org\/{rel}","templated":true}]}}