{"id":678,"date":"2012-04-26T22:40:59","date_gmt":"2012-04-26T21:40:59","guid":{"rendered":"http:\/\/www.svu2000.org\/nemecko\/?p=678"},"modified":"2012-06-05T20:32:12","modified_gmt":"2012-06-05T19:32:12","slug":"akce-kveten-2012","status":"publish","type":"post","link":"https:\/\/www.svu2000.org\/nemecko\/drivejsi\/2012\/akce-kveten-2012\/","title":{"rendered":"Akce kv\u011bten 2012"},"content":{"rendered":"<p><a href=\"http:\/\/www.svu2000.org\/nemecko\/wp-content\/w_mai_20121.jpg\"><img loading=\"lazy\" decoding=\"async\" class=\"alignleft size-full wp-image-680\" title=\"w_mai_2012\" src=\"http:\/\/www.svu2000.org\/nemecko\/wp-content\/w_mai_20121.jpg\" alt=\"\" width=\"460\" height=\"220\" srcset=\"https:\/\/www.svu2000.org\/nemecko\/wp-content\/w_mai_20121.jpg 460w, https:\/\/www.svu2000.org\/nemecko\/wp-content\/w_mai_20121-300x143.jpg 300w\" sizes=\"auto, (max-width: 460px) 100vw, 460px\" \/><\/a><\/p>\n<p>Otfried Preu\u00dfler psal tu kn\u00ed\u017eku, poh\u00e1dkov\u00fd p\u0159\u00edb\u011bh pro dosp\u011bl\u00e9, ur\u010dit\u011b r\u00e1d a Kate\u0159ina Kova\u010dkov\u00e1 o n\u00ed ur\u010dit\u011b\u00a0 r\u00e1da a nav\u00edc hezky a zasv\u011bcen\u011b vypr\u00e1v\u011bla.\u00a0 Poslucha\u010di byli o\u010dividn\u011b tak\u00e9 r\u00e1di a m\u00e1m pocit, \u017ee i\u00a0tak n\u011bjak vd\u011b\u010dni.\u00a0Rom\u00e1n je toti\u017e o n\u011b\u010dem, co je\u00a0samoz\u0159ejm\u011b\u00a0nejl\u00e9pe pochopiteln\u00e9\u00a0p\u016fvodn\u00edm obyvatel\u016fm Sudet, ale hned po nich\u00a0snad nejv\u00edc\u00a0\u010cech\u016fm do N\u011bmecka neodsunut\u00fdm n\u00fdbr\u017e uprchnuv\u0161\u00edm.<\/p>\n<p>Cel\u00e9 je to zasazeno do r\u00e1mce \u00fat\u011bku svat\u00e9 rodiny p\u0159ed Herodesem z Betl\u00e9ma do Egypta a ta cesta vedla s kouzelnou samoz\u0159ejmost\u00ed\u00a0&#8211; ze za\u010d\u00e1tku\u00a0jen pro vyprav\u011b\u010de, ale postupn\u011b z\u0159ejm\u011b pro v\u0161echny \u010dten\u00e1\u0159e resp. poslucha\u010de\u00a0&#8211;\u00a0p\u0159es \u010desk\u00e9 kr\u00e1lovstv\u00ed.\u00a0P\u0159esn\u011bji \u0159e\u010deno p\u0159es jeho\u00a0severn\u00ed \u010d\u00e1st,\u00a0kter\u00e1 ale ji\u017e dnes\u00a0v popisovan\u00e9 form\u011b neexistuje a &#8211; z\u0159ejm\u011b mus\u00edme \u0159\u00edci bohu\u017eel &#8211; u\u017e nikdy existovat nebude, zem\u011b rakousk\u00fdch &#8222;b\u00e9m\u00e1k\u016f&#8220;, skl\u00e1\u0159\u016f, tkalc\u016f, domk\u00e1\u0159\u016f. A je z toho c\u00edtit &#8211; kupodivu nikoli zhrzen\u00e1 &#8211; autorova nostalgick\u00e1\u00a0l\u00e1ska k tomu propletenci a\u0165 ji\u017e poh\u00e1dek, kter\u00e9 opisovala (a p\u0159i tom modifikovala)\u00a0N\u011bmcov\u00e1 od brat\u0159\u00ed Grimm\u016f a Preu\u00dfler zase na opl\u00e1tku od N\u011bmcov\u00e9, tak k on\u011bm, v kr\u00e1lovstv\u00ed \u010cesk\u00e9m figuruj\u00edc\u00edm, svat\u00fdm a dolo\u017een\u00fdm\u00a0historick\u00fdm postav\u00e1m, ale i\u00a0t\u0159eba k pitoreskn\u00edm \u00fa\u0159edn\u00edm\u00a0\u00a0postavi\u010dk\u00e1m c.k. monarchie. A\u00a0i to, \u017ee si autor vybral t\u0159eba Komensk\u00e9ho jako patrona nejen v\u0161ech uprchl\u00edk\u016f, ale i vyhnanc\u016f ze zem\u011b koruny\u00a0\u010desk\u00e9 je moc moc dob\u0159e, proto\u017ee to tak trochu\u00a0d\u00e1v\u00e1 tip\u00a0pro budouc\u00ed zach\u00e1zen\u00ed s touto,\u00a0st\u00e1le\u00a0nikoli neo\u017eehavou,\u00a0tematikou.<\/p>\n<p>Tak\u017ee pod\u011bkov\u00e1n\u00ed\u00a0pan\u00ed Hei\u00dfig, \u017ee\u00a0Kate\u0159inu Kova\u010dkovou pro p\u0159edn\u00e1\u0161ku v\u00a0 mnichovsk\u00e9 SVU z\u00edskala a d\u00edky od\u00a0mnichovsk\u00e9\u00a0SVU\u00a0pan\u00ed Kova\u010dkov\u00e9, \u017ee se z\u00edskat\u00a0nechala.<\/p>\n<p><em>Karel Pokorn\u00fd<\/em><\/p>\n","protected":false},"excerpt":{"rendered":"<p>Otfried Preu\u00dfler psal tu kn\u00ed\u017eku, poh\u00e1dkov\u00fd p\u0159\u00edb\u011bh pro dosp\u011bl\u00e9, ur\u010dit\u011b r\u00e1d a Kate\u0159ina Kova\u010dkov\u00e1 o n\u00ed ur\u010dit\u011b\u00a0 r\u00e1da a nav\u00edc hezky a zasv\u011bcen\u011b vypr\u00e1v\u011bla.\u00a0 Poslucha\u010di byli o\u010dividn\u011b tak\u00e9 r\u00e1di a m\u00e1m pocit, \u017ee i\u00a0tak n\u011bjak vd\u011b\u010dni.\u00a0Rom\u00e1n je toti\u017e o n\u011b\u010dem, <a href=\"https:\/\/www.svu2000.org\/nemecko\/drivejsi\/2012\/akce-kveten-2012\/\" class=\"read-more\">Read More &#8230;<\/a><\/p>\n","protected":false},"author":9,"featured_media":0,"comment_status":"open","ping_status":"open","sticky":false,"template":"","format":"standard","meta":{"footnotes":""},"categories":[14],"tags":[],"class_list":["post-678","post","type-post","status-publish","format-standard","hentry","category-14"],"_links":{"self":[{"href":"https:\/\/www.svu2000.org\/nemecko\/wp-json\/wp\/v2\/posts\/678","targetHints":{"allow":["GET"]}}],"collection":[{"href":"https:\/\/www.svu2000.org\/nemecko\/wp-json\/wp\/v2\/posts"}],"about":[{"href":"https:\/\/www.svu2000.org\/nemecko\/wp-json\/wp\/v2\/types\/post"}],"author":[{"embeddable":true,"href":"https:\/\/www.svu2000.org\/nemecko\/wp-json\/wp\/v2\/users\/9"}],"replies":[{"embeddable":true,"href":"https:\/\/www.svu2000.org\/nemecko\/wp-json\/wp\/v2\/comments?post=678"}],"version-history":[{"count":18,"href":"https:\/\/www.svu2000.org\/nemecko\/wp-json\/wp\/v2\/posts\/678\/revisions"}],"predecessor-version":[{"id":714,"href":"https:\/\/www.svu2000.org\/nemecko\/wp-json\/wp\/v2\/posts\/678\/revisions\/714"}],"wp:attachment":[{"href":"https:\/\/www.svu2000.org\/nemecko\/wp-json\/wp\/v2\/media?parent=678"}],"wp:term":[{"taxonomy":"category","embeddable":true,"href":"https:\/\/www.svu2000.org\/nemecko\/wp-json\/wp\/v2\/categories?post=678"},{"taxonomy":"post_tag","embeddable":true,"href":"https:\/\/www.svu2000.org\/nemecko\/wp-json\/wp\/v2\/tags?post=678"}],"curies":[{"name":"wp","href":"https:\/\/api.w.org\/{rel}","templated":true}]}}