{"id":739,"date":"2012-08-27T13:57:45","date_gmt":"2012-08-27T12:57:45","guid":{"rendered":"http:\/\/www.svu2000.org\/nemecko\/?p=739"},"modified":"2012-10-06T09:45:13","modified_gmt":"2012-10-06T08:45:13","slug":"akce-zari-2012","status":"publish","type":"post","link":"https:\/\/www.svu2000.org\/nemecko\/drivejsi\/2012\/akce-zari-2012\/","title":{"rendered":"Akce z\u00e1\u0159\u00ed 2012"},"content":{"rendered":"<p><a href=\"http:\/\/www.svu2000.org\/nemecko\/wp-content\/SVU.zari_.jpg\"><img loading=\"lazy\" decoding=\"async\" class=\"alignleft size-full wp-image-740\" title=\"SVU.zari\" src=\"http:\/\/www.svu2000.org\/nemecko\/wp-content\/SVU.zari_.jpg\" alt=\"\" width=\"460\" height=\"221\" srcset=\"https:\/\/www.svu2000.org\/nemecko\/wp-content\/SVU.zari_.jpg 460w, https:\/\/www.svu2000.org\/nemecko\/wp-content\/SVU.zari_-300x144.jpg 300w\" sizes=\"auto, (max-width: 460px) 100vw, 460px\" \/><\/a>V\u017edycky jsem si myslel, \u017ee kdy\u017e se nat\u00e1\u010d\u00ed divadlo, tak \u017ee se p\u0159ed jevi\u0161t\u011b postav\u00ed kamera a kdy\u017e to za\u010dne tak se ta kamera zapne a kdy\u017e to skon\u010d\u00ed, \u017ee se zase vypne a je to. D\u00edky panu \u0160r\u00e1mkovi v\u00edm u\u017e i j\u00e1, \u017ee tomu tak nen\u00ed, \u017ee nato\u010dit divadeln\u00ed p\u0159edstaven\u00ed tak, aby si div\u00e1k p\u0159ipadal jako \u017ee sed\u00ed v hledi\u0161ti je v\u011bda a \u017ee za ka\u017ed\u00e9 nat\u00e1\u010den\u00ed je vlastn\u011b takov\u00e9 um\u011bleck\u00e9 d\u00edlo, kter\u00e9 se jako v\u0161echna um\u011bleck\u00e1 d\u00edla m\u016f\u017ee a nemus\u00ed pov\u00e9st a \u017ee\u00a0zdali se to\u00a0povedlo l\u00edp nebo h\u016f\u0159 na to \u017ee mohou b\u00fdt ve sv\u011bt\u011b odborn\u00edk\u016f r\u016fzn\u00e9 n\u00e1zory. Sugestivn\u011b demonstrov\u00e1no\u00a0na jedn\u00e9 sc\u00e9n\u011b z &#8222;Poprasku na lagun\u011b&#8220;, nato\u010den\u00e9 t\u0159ikr\u00e1t v r\u016fzn\u00fdch obdob\u00edch s r\u016fzn\u00fdmi protagonisty. D\u00e1le \u017ee se v r\u016fzn\u00fdch obdob\u00edch nat\u00e1\u010delo r\u016fzn\u011b, v divadle s obecenstvem, bez obecenstva atd. a \u017ee ten\u00a0zp\u016fsob\u00a0samoz\u0159ejm\u011b ovliv\u0148oval v\u00fdvoj techniky i kdy\u017e n\u011bkdy podl\u00e9hal i politick\u00fdm vliv\u016fm. <em>Karel Pokorn\u00fd<\/em><\/p>\n","protected":false},"excerpt":{"rendered":"<p>V\u017edycky jsem si myslel, \u017ee kdy\u017e se nat\u00e1\u010d\u00ed divadlo, tak \u017ee se p\u0159ed jevi\u0161t\u011b postav\u00ed kamera a kdy\u017e to za\u010dne tak se ta kamera zapne a kdy\u017e to skon\u010d\u00ed, \u017ee se zase vypne a je to. D\u00edky panu \u0160r\u00e1mkovi v\u00edm <a href=\"https:\/\/www.svu2000.org\/nemecko\/drivejsi\/2012\/akce-zari-2012\/\" class=\"read-more\">Read More &#8230;<\/a><\/p>\n","protected":false},"author":9,"featured_media":0,"comment_status":"open","ping_status":"open","sticky":false,"template":"","format":"standard","meta":{"footnotes":""},"categories":[14],"tags":[],"class_list":["post-739","post","type-post","status-publish","format-standard","hentry","category-14"],"_links":{"self":[{"href":"https:\/\/www.svu2000.org\/nemecko\/wp-json\/wp\/v2\/posts\/739","targetHints":{"allow":["GET"]}}],"collection":[{"href":"https:\/\/www.svu2000.org\/nemecko\/wp-json\/wp\/v2\/posts"}],"about":[{"href":"https:\/\/www.svu2000.org\/nemecko\/wp-json\/wp\/v2\/types\/post"}],"author":[{"embeddable":true,"href":"https:\/\/www.svu2000.org\/nemecko\/wp-json\/wp\/v2\/users\/9"}],"replies":[{"embeddable":true,"href":"https:\/\/www.svu2000.org\/nemecko\/wp-json\/wp\/v2\/comments?post=739"}],"version-history":[{"count":5,"href":"https:\/\/www.svu2000.org\/nemecko\/wp-json\/wp\/v2\/posts\/739\/revisions"}],"predecessor-version":[{"id":754,"href":"https:\/\/www.svu2000.org\/nemecko\/wp-json\/wp\/v2\/posts\/739\/revisions\/754"}],"wp:attachment":[{"href":"https:\/\/www.svu2000.org\/nemecko\/wp-json\/wp\/v2\/media?parent=739"}],"wp:term":[{"taxonomy":"category","embeddable":true,"href":"https:\/\/www.svu2000.org\/nemecko\/wp-json\/wp\/v2\/categories?post=739"},{"taxonomy":"post_tag","embeddable":true,"href":"https:\/\/www.svu2000.org\/nemecko\/wp-json\/wp\/v2\/tags?post=739"}],"curies":[{"name":"wp","href":"https:\/\/api.w.org\/{rel}","templated":true}]}}