{"id":8,"date":"2007-12-02T14:54:22","date_gmt":"2007-12-02T13:54:22","guid":{"rendered":"http:\/\/www.svu2000.org\/deutschland\/?p=8"},"modified":"2011-02-15T12:01:06","modified_gmt":"2011-02-15T11:01:06","slug":"akce-listopad-2007","status":"publish","type":"post","link":"https:\/\/www.svu2000.org\/nemecko\/drivejsi\/2007\/akce-listopad-2007\/","title":{"rendered":"Akce listopad 2007"},"content":{"rendered":"<p><span style=\"font-family: Impact;\" lang=\"CS\"><span><span style=\"font-size: 24pt; color: navy; line-height: 150%; font-family: Playbill;\"><span><span style=\"font-size: 11pt;\" lang=\"CS\"><span style=\"font-size: 11pt;\" lang=\"CS\"><span style=\"font-size: 24pt; color: navy; line-height: 150%; font-family: Playbill;\"><span><span style=\"font-size: small;\"><span style=\"color: #000000;\"><span style=\"font-family: Arial;\"><strong><span lang=\"EN-GB\">284. <\/span><span lang=\"CS\">setk\u00e1n\u00ed<\/span><span lang=\"EN-GB\"> SVU <\/span><span lang=\"CS\">N\u011bmecko<span>\u00a0\u00a0\u00a0\u00a0 <\/span>13. 11.2007<\/span><\/strong><\/span><\/span><\/span><span style=\"font-size: small;\"><span style=\"color: #000000;\"><span style=\"font-family: Arial;\"><span lang=\"CS\"><span style=\"font-size: 11pt;\" lang=\"CS\">\u00a0<\/span><\/span><\/span><\/span><\/span><span style=\"font-size: small;\"><span style=\"color: #000000;\"><span style=\"font-family: Arial;\"><span lang=\"CS\">\u00a0<\/span><\/span><\/span><\/span><\/span><\/span><\/span><\/span><\/span><\/span><\/span><\/span><\/p>\n<div>\n<div>\n<p><strong>SYMPOSION<\/strong><strong>MUSIK \u00a0\u00a0&#8211;\u00a0 \u00a0AUSDRUCK <\/strong><strong>\u00a0<\/strong><strong>TSCHECHISCHEN NATIONALCHARAKTERS<\/strong>\u00a0\u00a0 \u00a0\u00a0<em><strong>Orgelsaal der Hochschule f\u00fcr Musik und Theater in M\u00fcnchen\u00a0 Arcisstra\u00dfe 12<\/strong><strong>13. November 2007 <\/strong><strong>19,<sup>00<\/sup><\/strong>\u00a0<\/em><\/p>\n<\/div>\n<\/div>\n<div><span style=\"font-size: small;\"><span style=\"color: #000000;\"><span style=\"font-family: Arial;\"><span style=\"font-size: small;\"><span style=\"color: #000000;\"><span style=\"font-family: Arial;\"><span style=\"font-size: 14pt;\" lang=\"CS\"><strong><span style=\"color: #000000;\"><span style=\"font-family: Arial;\">Symposion<\/span><\/span><\/strong><\/span>\u00a0<\/span><\/span><\/span><\/span><\/span><\/span><\/div>\n<div>\n<div>\n<div>\n<p><span style=\"font-size: 14pt;\" lang=\"CS\"><strong><span style=\"color: #000000;\"><span style=\"font-family: Arial;\">Hudba &#8211; projev \u010desk\u00e9 n\u00e1rodn\u00ed povahy<\/span><\/span><\/strong><\/span>\u00a0<\/p>\n<p><span style=\"font-size: 11pt;\" lang=\"CS\"><span style=\"color: #000000;\"><span style=\"font-family: Arial;\">(n\u011bmecky)<\/span><\/span><\/span>\u00a0<\/p>\n<p><span style=\"font-size: 11pt;\" lang=\"CS\"><span style=\"color: #000000;\"><span style=\"font-family: Arial;\">V\u00a0s\u00e1le Hochschule f\u00fcr Musik und Theater v\u00a0Mnichov\u011b p\u0159iv\u00edtal Ladislav Pavl\u00edk p\u0159\u00edtomn\u00e9 a p\u0159edstavil \u00fa\u010dinkuj\u00edc\u00ed: <\/span><\/span><\/span><span style=\"font-size: 11pt;\" lang=\"CS\"><span style=\"color: #000000;\"><span style=\"font-family: Arial;\">virtuosku na fl\u00e9tnu Kate\u0159inu Stegemannovou, hudebn\u00ed teoreti\u010dku Ivetu Pt\u00e1kovou, klav\u00edrn\u00edho virtuoza Jana \u010cecha a Wolfganga Mastnaka, kter\u00fd nastudoval s\u00a0kvintetem \u0161koly uk\u00e1zky \u010desk\u00e9 tvorby od Ji\u0159\u00edho Anton\u00edna Bendy (1722-1795). <\/span><\/span><\/span><span style=\"font-size: 11pt;\" lang=\"CS\"><span style=\"color: #000000;\"><span style=\"font-family: Arial;\">D\u00e1le byly uvedeny skladby od Franti\u0161ka Bendy (1703-1785) pro fl\u00e9tnu a klav\u00edr, <\/span><\/span><\/span><span style=\"font-size: 11pt;\" lang=\"CS\"><span style=\"color: #000000;\"><span style=\"font-family: Arial;\">Jaroslava Francla (1906-1990), Otmara M\u00e1chy (1922-<span>\u00a0 <\/span>), <\/span><\/span><\/span><span style=\"font-size: 11pt;\" lang=\"CS\"><span style=\"color: #000000;\"><span style=\"font-family: Arial;\">Franti\u0161ka Du\u0161ka (1731-1799) <\/span><\/span><\/span><span style=\"font-size: 11pt;\" lang=\"CS\"><span style=\"color: #000000;\"><span style=\"font-family: Arial;\">a Ilji Hurn\u00edka(1922- ).<\/span><\/span><\/span>\u00a0<\/p>\n<p><span style=\"font-size: 11pt;\" lang=\"CS\"><span style=\"color: #000000;\"><span style=\"font-family: Arial;\">Kate\u0159ina Stegemannov\u00e1 hovo\u0159ila na t\u00e9ma Od tradice k\u00a0modern\u011b. Iveta Pt\u00e1kov\u00e1: V\u00fdraz \u010desk\u00e9ho n\u00e1rodn\u00edho charakteru v\u00a0opern\u00ed tvorb\u011b na p\u0159\u00edkladu Husitsk\u00e1 nev\u011bsta od Karla \u0160ebora (1843-1903). <\/span><\/span><\/span>\u00a0<\/p>\n<p><span style=\"font-size: 11pt;\" lang=\"CS\"><span style=\"color: #000000;\"><span style=\"font-family: Arial;\">Prof. Mastnak<span>\u00a0 <\/span>p\u0159ednesl: \u010clov\u011bk a hudba v\u00a0n\u00e1rodn\u00edm charakteru. <\/span><\/span><\/span><span style=\"font-size: 11pt;\" lang=\"CS\"><span style=\"font-family: Arial; color: #000000;\">\u00a0<\/span><\/span>\u00a0<\/p>\n<p class=\"MsoNormal\" style=\"margin: 0cm 0cm 0pt 9.35pt;\"><span style=\"font-size: 11pt;\" lang=\"CS\"><span style=\"color: #000000;\"><span style=\"font-family: Arial;\">P\u00edk<\/span><\/span><\/span>\u00a0<\/p>\n<p>\u00a0<span style=\"font-family: Impact;\" lang=\"CS\"><span><span style=\"font-size: 24pt; color: navy; line-height: 150%; font-family: Playbill;\"><span><span style=\"font-size: 11pt;\" lang=\"CS\"><span style=\"font-size: 11pt;\" lang=\"CS\"><span style=\"font-size: 24pt; color: navy; line-height: 150%; font-family: Playbill;\"><span><strong><a title=\"pozvankasymposion.doc\" href=\"http:\/\/www.svu2000.org\/nemecko\/wp-content\/pozvankasymposion.doc\">pozvankasymposion.doc<\/a><\/strong><\/span><\/span><\/span><\/span><\/span><\/span><\/span><\/span><\/p>\n<\/div>\n<\/div>\n<\/div>\n<p>\u00a0<\/p>\n<div><\/div>\n","protected":false},"excerpt":{"rendered":"<p>284. setk\u00e1n\u00ed SVU N\u011bmecko\u00a0\u00a0\u00a0\u00a0 13. 11.2007\u00a0\u00a0 SYMPOSIONMUSIK \u00a0\u00a0&#8211;\u00a0 \u00a0AUSDRUCK \u00a0TSCHECHISCHEN NATIONALCHARAKTERS\u00a0\u00a0 \u00a0\u00a0Orgelsaal der Hochschule f\u00fcr Musik und Theater in M\u00fcnchen\u00a0 Arcisstra\u00dfe 1213. November 2007 19,00\u00a0 Symposion\u00a0 Hudba &#8211; projev \u010desk\u00e9 n\u00e1rodn\u00ed povahy\u00a0 (n\u011bmecky)\u00a0 V\u00a0s\u00e1le Hochschule f\u00fcr Musik und Theater v\u00a0Mnichov\u011b <a href=\"https:\/\/www.svu2000.org\/nemecko\/drivejsi\/2007\/akce-listopad-2007\/\" class=\"read-more\">Read More &#8230;<\/a><\/p>\n","protected":false},"author":1,"featured_media":0,"comment_status":"closed","ping_status":"closed","sticky":false,"template":"","format":"standard","meta":{"footnotes":""},"categories":[12],"tags":[],"class_list":["post-8","post","type-post","status-publish","format-standard","hentry","category-12"],"_links":{"self":[{"href":"https:\/\/www.svu2000.org\/nemecko\/wp-json\/wp\/v2\/posts\/8","targetHints":{"allow":["GET"]}}],"collection":[{"href":"https:\/\/www.svu2000.org\/nemecko\/wp-json\/wp\/v2\/posts"}],"about":[{"href":"https:\/\/www.svu2000.org\/nemecko\/wp-json\/wp\/v2\/types\/post"}],"author":[{"embeddable":true,"href":"https:\/\/www.svu2000.org\/nemecko\/wp-json\/wp\/v2\/users\/1"}],"replies":[{"embeddable":true,"href":"https:\/\/www.svu2000.org\/nemecko\/wp-json\/wp\/v2\/comments?post=8"}],"version-history":[{"count":8,"href":"https:\/\/www.svu2000.org\/nemecko\/wp-json\/wp\/v2\/posts\/8\/revisions"}],"predecessor-version":[{"id":326,"href":"https:\/\/www.svu2000.org\/nemecko\/wp-json\/wp\/v2\/posts\/8\/revisions\/326"}],"wp:attachment":[{"href":"https:\/\/www.svu2000.org\/nemecko\/wp-json\/wp\/v2\/media?parent=8"}],"wp:term":[{"taxonomy":"category","embeddable":true,"href":"https:\/\/www.svu2000.org\/nemecko\/wp-json\/wp\/v2\/categories?post=8"},{"taxonomy":"post_tag","embeddable":true,"href":"https:\/\/www.svu2000.org\/nemecko\/wp-json\/wp\/v2\/tags?post=8"}],"curies":[{"name":"wp","href":"https:\/\/api.w.org\/{rel}","templated":true}]}}