{"id":9,"date":"2007-12-01T14:54:51","date_gmt":"2007-12-01T13:54:51","guid":{"rendered":"http:\/\/www.svu2000.org\/deutschland\/?p=9"},"modified":"2011-02-15T12:00:56","modified_gmt":"2011-02-15T11:00:56","slug":"akce-prosinec-2007","status":"publish","type":"post","link":"https:\/\/www.svu2000.org\/nemecko\/drivejsi\/2007\/akce-prosinec-2007\/","title":{"rendered":"Akce prosinec 2007"},"content":{"rendered":"<p>| <a target=\"_blank\" href=\"http:\/\/www.svu2000.org\/calendar\/2007-12-Munich.pdf\" title=\"Pozv\u00e1nka na prosinec\">Pozv\u00e1nka<\/a> |<\/p>\n<p>V\u00e1noce s Eli\u0161kou Ciklovou<\/p>\n<p>Po \u0159adu let prosincov\u00fd program, nazvan\u00fd &#8222;Slovem, obrazem i hudbou&#8220; , otev\u00edr\u00e1 nej\u010dast\u011bji hudba. \u00da\u010dinkuj\u00ed studenti Hudebn\u00ed akademie, zp\u00edvaj\u00ed d\u011bti, hraj\u00ed mlad\u00ed kytarist\u00e9 ze slovensk\u00e9 \u010di portugalsk\u00e9 rodiny, \u010desk\u00e1 fl\u00e9tnistka za doprovodu profesora Hudebn\u00ed akademie &#8211; to alespo\u0148 za v\u0161echny ostatn\u00ed.<\/p>\n<p>Obraz zastupuj\u00ed p\u016fvabn\u00e9 kresby, zaznamenan\u00e9 sledem dia-obr\u00e1zk\u016f do p\u0159\u00edb\u011bhu podkreslen\u00e9ho vypr\u00e1v\u011bn\u00edm a hudbou.<\/p>\n<p>\u00a0Zamy\u0161len\u00ed i tolik pot\u0159ebn\u00e9 ko\u0159en\u00ed humoru p\u0159in\u00e1\u0161\u00ed slovo &#8211; vypr\u00e1v\u011bn\u00ed, poezie i pr\u00f3za.<\/p>\n<p>Nejednou p\u0159isp\u011bli do po\u0159adu p\u0159edv\u00e1no\u010dn\u00edch ve\u010der\u016f i z\u00e1stupci slovensk\u00e9ho i \u010desk\u00e9ho gener\u00e1ln\u00edho konzul\u00e1tu.<\/p>\n<p>Na z\u00e1v\u011br si p\u0159\u00edtomn\u00ed je\u0161t\u011b p\u0159i kyta\u0159e zazp\u00edvaj\u00ed obl\u00edben\u00e9 koledy<\/p>\n<p><em>Eli\u0161ka Ciklov\u00e1<\/em><\/p>\n","protected":false},"excerpt":{"rendered":"<p>| Pozv\u00e1nka | V\u00e1noce s Eli\u0161kou Ciklovou Po \u0159adu let prosincov\u00fd program, nazvan\u00fd &#8222;Slovem, obrazem i hudbou&#8220; , otev\u00edr\u00e1 nej\u010dast\u011bji hudba. \u00da\u010dinkuj\u00ed studenti Hudebn\u00ed akademie, zp\u00edvaj\u00ed d\u011bti, hraj\u00ed mlad\u00ed kytarist\u00e9 ze slovensk\u00e9 \u010di portugalsk\u00e9 rodiny, \u010desk\u00e1 fl\u00e9tnistka za doprovodu profesora <a href=\"https:\/\/www.svu2000.org\/nemecko\/drivejsi\/2007\/akce-prosinec-2007\/\" class=\"read-more\">Read More &#8230;<\/a><\/p>\n","protected":false},"author":1,"featured_media":0,"comment_status":"closed","ping_status":"closed","sticky":false,"template":"","format":"standard","meta":{"footnotes":""},"categories":[12],"tags":[],"class_list":["post-9","post","type-post","status-publish","format-standard","hentry","category-12"],"_links":{"self":[{"href":"https:\/\/www.svu2000.org\/nemecko\/wp-json\/wp\/v2\/posts\/9","targetHints":{"allow":["GET"]}}],"collection":[{"href":"https:\/\/www.svu2000.org\/nemecko\/wp-json\/wp\/v2\/posts"}],"about":[{"href":"https:\/\/www.svu2000.org\/nemecko\/wp-json\/wp\/v2\/types\/post"}],"author":[{"embeddable":true,"href":"https:\/\/www.svu2000.org\/nemecko\/wp-json\/wp\/v2\/users\/1"}],"replies":[{"embeddable":true,"href":"https:\/\/www.svu2000.org\/nemecko\/wp-json\/wp\/v2\/comments?post=9"}],"version-history":[{"count":2,"href":"https:\/\/www.svu2000.org\/nemecko\/wp-json\/wp\/v2\/posts\/9\/revisions"}],"predecessor-version":[{"id":325,"href":"https:\/\/www.svu2000.org\/nemecko\/wp-json\/wp\/v2\/posts\/9\/revisions\/325"}],"wp:attachment":[{"href":"https:\/\/www.svu2000.org\/nemecko\/wp-json\/wp\/v2\/media?parent=9"}],"wp:term":[{"taxonomy":"category","embeddable":true,"href":"https:\/\/www.svu2000.org\/nemecko\/wp-json\/wp\/v2\/categories?post=9"},{"taxonomy":"post_tag","embeddable":true,"href":"https:\/\/www.svu2000.org\/nemecko\/wp-json\/wp\/v2\/tags?post=9"}],"curies":[{"name":"wp","href":"https:\/\/api.w.org\/{rel}","templated":true}]}}